{"id":6023,"date":"2023-08-31T15:36:09","date_gmt":"2023-08-31T15:36:09","guid":{"rendered":"https:\/\/zonafrancabarranquilla.com\/?p=6023"},"modified":"2023-08-31T15:36:09","modified_gmt":"2023-08-31T15:36:09","slug":"exitosa-visita-comercial-de-empresarios-de-barranquilla-en-miami","status":"publish","type":"post","link":"https:\/\/zonafrancabarranquilla.com\/en\/exitosa-visita-comercial-de-empresarios-de-barranquilla-en-miami\/","title":{"rendered":"Exitosa Visita Comercial de Empresarios de Barranquilla en Miami"},"content":{"rendered":"<p>M\u00e1s de 15 empresarios exploraron oportunidades de negocio en Miami, en la exitosa visita comercial organizada por\u00a0<strong>AmCham Barranquilla y Atl\u00e1ntico<\/strong>.<\/p>\n<p>Con el objetivo de promover sus negocios hacia nuevos horizontes, la delegaci\u00f3n de empresarios tuvo la oportunidad de participar en una serie de actividades estrat\u00e9gicas, como el\u00a0<strong>\u201cBusiness to Business Networking: Connecting Barranquilla with South Florida\u201d,<\/strong>\u00a0que reuni\u00f3 a m\u00e1s de\u00a0<strong>30 empresas de Barranquilla y Miami<\/strong>\u00a0en encuentros uno a uno. En este importante espacio, se lograron m\u00e1s de\u00a0<strong>140 citas de negocios<\/strong>, superando ampliamente las expectativas.<\/p>\n<p>Por otro lado, exploraron tendencias globales, como ciberseguridad, rob\u00f3tica, tendencias aeroespaciales e innovaci\u00f3n en las organizaciones durante la visita al Alan B. Levan Center of Innovation, en el que compartieron nuevas perspectivas tecnol\u00f3gicas y su potencial implementaci\u00f3n en el entorno local.<\/p>\n<p>Finalizando la agenda, los empresarios de Barranquilla y Miami, conversaron en una exitosa mesa redonda sobre temas como\u00a0<strong>log\u00edstica, nearshoring, gesti\u00f3n portuaria, multimodalismo, competitividad, entre otros.\u00a0<\/strong>Las ideas y propuestas generadas en esta sesi\u00f3n nos ofrecieron un valioso aporte como aliado para el\u00a0<strong>pre-lanzamiento de la Convenci\u00f3n de Puertos AAPA Latam,<\/strong>\u00a0programado para el pr\u00f3ximo 19 de septiembre.<\/p>\n<p>\u00a1Juntos estamos construyendo puentes hacia un futuro comercial m\u00e1s global!<\/p>","protected":false},"excerpt":{"rendered":"<p>M\u00e1s de 15 empresarios exploraron oportunidades de negocio en Miami, en la exitosa visita comercial organizada por\u00a0AmCham Barranquilla y Atl\u00e1ntico. Con el objetivo de promover sus negocios hacia nuevos horizontes, la delegaci\u00f3n de empresarios tuvo la oportunidad de participar en una serie de actividades estrat\u00e9gicas, como el\u00a0\u201cBusiness to Business Networking: Connecting Barranquilla with South Florida\u201d,\u00a0que &#8230; <a title=\"Exitosa Visita Comercial de Empresarios de Barranquilla en Miami\" class=\"read-more\" href=\"https:\/\/zonafrancabarranquilla.com\/en\/exitosa-visita-comercial-de-empresarios-de-barranquilla-en-miami\/\" aria-label=\"Read more about Exitosa Visita Comercial de Empresarios de Barranquilla en Miami\">Read more<\/a><\/p>","protected":false},"author":1,"featured_media":6024,"comment_status":"closed","ping_status":"closed","sticky":false,"template":"","format":"standard","meta":{"_acf_changed":false,"footnotes":""},"categories":[2],"tags":[],"class_list":["post-6023","post","type-post","status-publish","format-standard","has-post-thumbnail","hentry","category-blog"],"acf":[],"yoast_head":"<!-- This site is optimized with the Yoast SEO plugin v27.4 - https:\/\/yoast.com\/product\/yoast-seo-wordpress\/ -->\n<title>Exitosa Visita Comercial de Empresarios de Barranquilla en Miami - Zona Franca de Barranquilla<\/title>\n<meta name=\"robots\" content=\"index, follow, max-snippet:-1, max-image-preview:large, max-video-preview:-1\" \/>\n<link rel=\"canonical\" href=\"https:\/\/zonafrancabarranquilla.com\/en\/exitosa-visita-comercial-de-empresarios-de-barranquilla-en-miami\/\" \/>\n<meta property=\"og:locale\" content=\"en_US\" \/>\n<meta property=\"og:type\" content=\"article\" \/>\n<meta property=\"og:title\" content=\"Exitosa Visita Comercial de Empresarios de Barranquilla en Miami - Zona Franca de Barranquilla\" \/>\n<meta property=\"og:description\" content=\"M\u00e1s de 15 empresarios exploraron oportunidades de negocio en Miami, en la exitosa visita comercial organizada por\u00a0AmCham Barranquilla y Atl\u00e1ntico. Con el objetivo de promover sus negocios hacia nuevos horizontes, la delegaci\u00f3n de empresarios tuvo la oportunidad de participar en una serie de actividades estrat\u00e9gicas, como el\u00a0\u201cBusiness to Business Networking: Connecting Barranquilla with South Florida\u201d,\u00a0que ... Read more\" \/>\n<meta property=\"og:url\" content=\"https:\/\/zonafrancabarranquilla.com\/en\/exitosa-visita-comercial-de-empresarios-de-barranquilla-en-miami\/\" \/>\n<meta property=\"og:site_name\" content=\"Zona Franca de Barranquilla\" \/>\n<meta property=\"article:published_time\" content=\"2023-08-31T15:36:09+00:00\" \/>\n<meta property=\"og:image\" content=\"https:\/\/zonafrancabarranquilla.com\/wp-content\/uploads\/2023\/08\/EUWN0041-1110x550-1.jpg\" \/>\n\t<meta property=\"og:image:width\" content=\"1110\" \/>\n\t<meta property=\"og:image:height\" content=\"550\" \/>\n\t<meta property=\"og:image:type\" content=\"image\/jpeg\" \/>\n<meta name=\"author\" content=\"bmoreno\" \/>\n<meta name=\"twitter:card\" content=\"summary_large_image\" \/>\n<meta name=\"twitter:label1\" content=\"Written by\" \/>\n\t<meta name=\"twitter:data1\" content=\"bmoreno\" \/>\n\t<meta name=\"twitter:label2\" content=\"Est. reading time\" \/>\n\t<meta name=\"twitter:data2\" content=\"1 minute\" \/>\n<script type=\"application\/ld+json\" class=\"yoast-schema-graph\">{\"@context\":\"https:\\\/\\\/schema.org\",\"@graph\":[{\"@type\":\"Article\",\"@id\":\"https:\\\/\\\/zonafrancabarranquilla.com\\\/exitosa-visita-comercial-de-empresarios-de-barranquilla-en-miami\\\/#article\",\"isPartOf\":{\"@id\":\"https:\\\/\\\/zonafrancabarranquilla.com\\\/exitosa-visita-comercial-de-empresarios-de-barranquilla-en-miami\\\/\"},\"author\":{\"name\":\"bmoreno\",\"@id\":\"https:\\\/\\\/zonafrancabarranquilla.com\\\/#\\\/schema\\\/person\\\/32396a7b301500e7e97c4193ec2e86bc\"},\"headline\":\"Exitosa Visita Comercial de Empresarios de Barranquilla en Miami\",\"datePublished\":\"2023-08-31T15:36:09+00:00\",\"mainEntityOfPage\":{\"@id\":\"https:\\\/\\\/zonafrancabarranquilla.com\\\/exitosa-visita-comercial-de-empresarios-de-barranquilla-en-miami\\\/\"},\"wordCount\":219,\"publisher\":{\"@id\":\"https:\\\/\\\/zonafrancabarranquilla.com\\\/#organization\"},\"image\":{\"@id\":\"https:\\\/\\\/zonafrancabarranquilla.com\\\/exitosa-visita-comercial-de-empresarios-de-barranquilla-en-miami\\\/#primaryimage\"},\"thumbnailUrl\":\"https:\\\/\\\/zonafrancabarranquilla.com\\\/wp-content\\\/uploads\\\/2023\\\/08\\\/EUWN0041-1110x550-1.jpg\",\"articleSection\":[\"Blog\"],\"inLanguage\":\"en-US\"},{\"@type\":\"WebPage\",\"@id\":\"https:\\\/\\\/zonafrancabarranquilla.com\\\/exitosa-visita-comercial-de-empresarios-de-barranquilla-en-miami\\\/\",\"url\":\"https:\\\/\\\/zonafrancabarranquilla.com\\\/exitosa-visita-comercial-de-empresarios-de-barranquilla-en-miami\\\/\",\"name\":\"Exitosa Visita Comercial de Empresarios de Barranquilla en Miami - Zona Franca de Barranquilla\",\"isPartOf\":{\"@id\":\"https:\\\/\\\/zonafrancabarranquilla.com\\\/#website\"},\"primaryImageOfPage\":{\"@id\":\"https:\\\/\\\/zonafrancabarranquilla.com\\\/exitosa-visita-comercial-de-empresarios-de-barranquilla-en-miami\\\/#primaryimage\"},\"image\":{\"@id\":\"https:\\\/\\\/zonafrancabarranquilla.com\\\/exitosa-visita-comercial-de-empresarios-de-barranquilla-en-miami\\\/#primaryimage\"},\"thumbnailUrl\":\"https:\\\/\\\/zonafrancabarranquilla.com\\\/wp-content\\\/uploads\\\/2023\\\/08\\\/EUWN0041-1110x550-1.jpg\",\"datePublished\":\"2023-08-31T15:36:09+00:00\",\"breadcrumb\":{\"@id\":\"https:\\\/\\\/zonafrancabarranquilla.com\\\/exitosa-visita-comercial-de-empresarios-de-barranquilla-en-miami\\\/#breadcrumb\"},\"inLanguage\":\"en-US\",\"potentialAction\":[{\"@type\":\"ReadAction\",\"target\":[\"https:\\\/\\\/zonafrancabarranquilla.com\\\/exitosa-visita-comercial-de-empresarios-de-barranquilla-en-miami\\\/\"]}]},{\"@type\":\"ImageObject\",\"inLanguage\":\"en-US\",\"@id\":\"https:\\\/\\\/zonafrancabarranquilla.com\\\/exitosa-visita-comercial-de-empresarios-de-barranquilla-en-miami\\\/#primaryimage\",\"url\":\"https:\\\/\\\/zonafrancabarranquilla.com\\\/wp-content\\\/uploads\\\/2023\\\/08\\\/EUWN0041-1110x550-1.jpg\",\"contentUrl\":\"https:\\\/\\\/zonafrancabarranquilla.com\\\/wp-content\\\/uploads\\\/2023\\\/08\\\/EUWN0041-1110x550-1.jpg\",\"width\":1110,\"height\":550},{\"@type\":\"BreadcrumbList\",\"@id\":\"https:\\\/\\\/zonafrancabarranquilla.com\\\/exitosa-visita-comercial-de-empresarios-de-barranquilla-en-miami\\\/#breadcrumb\",\"itemListElement\":[{\"@type\":\"ListItem\",\"position\":1,\"name\":\"Portada\",\"item\":\"https:\\\/\\\/zonafrancabarranquilla.com\\\/\"},{\"@type\":\"ListItem\",\"position\":2,\"name\":\"Exitosa Visita Comercial de Empresarios de Barranquilla en Miami\"}]},{\"@type\":\"WebSite\",\"@id\":\"https:\\\/\\\/zonafrancabarranquilla.com\\\/#website\",\"url\":\"https:\\\/\\\/zonafrancabarranquilla.com\\\/\",\"name\":\"Zona Franca de Barranquilla\",\"description\":\"La Zona Franca de Barranquilla\",\"publisher\":{\"@id\":\"https:\\\/\\\/zonafrancabarranquilla.com\\\/#organization\"},\"potentialAction\":[{\"@type\":\"SearchAction\",\"target\":{\"@type\":\"EntryPoint\",\"urlTemplate\":\"https:\\\/\\\/zonafrancabarranquilla.com\\\/?s={search_term_string}\"},\"query-input\":{\"@type\":\"PropertyValueSpecification\",\"valueRequired\":true,\"valueName\":\"search_term_string\"}}],\"inLanguage\":\"en-US\"},{\"@type\":\"Organization\",\"@id\":\"https:\\\/\\\/zonafrancabarranquilla.com\\\/#organization\",\"name\":\"Zona Franca de Barranquilla\",\"url\":\"https:\\\/\\\/zonafrancabarranquilla.com\\\/\",\"logo\":{\"@type\":\"ImageObject\",\"inLanguage\":\"en-US\",\"@id\":\"https:\\\/\\\/zonafrancabarranquilla.com\\\/#\\\/schema\\\/logo\\\/image\\\/\",\"url\":\"https:\\\/\\\/zonafrancabarranquilla.com\\\/wp-content\\\/uploads\\\/2021\\\/03\\\/globologo-50.jpg\",\"contentUrl\":\"https:\\\/\\\/zonafrancabarranquilla.com\\\/wp-content\\\/uploads\\\/2021\\\/03\\\/globologo-50.jpg\",\"width\":604,\"height\":630,\"caption\":\"Zona Franca de Barranquilla\"},\"image\":{\"@id\":\"https:\\\/\\\/zonafrancabarranquilla.com\\\/#\\\/schema\\\/logo\\\/image\\\/\"}},{\"@type\":\"Person\",\"@id\":\"https:\\\/\\\/zonafrancabarranquilla.com\\\/#\\\/schema\\\/person\\\/32396a7b301500e7e97c4193ec2e86bc\",\"name\":\"bmoreno\",\"image\":{\"@type\":\"ImageObject\",\"inLanguage\":\"en-US\",\"@id\":\"https:\\\/\\\/secure.gravatar.com\\\/avatar\\\/c30e2aa8fae60edcac91b7683df54f7ef8aa077bb6611baee6b47ada73e19e90?s=96&d=mm&r=g\",\"url\":\"https:\\\/\\\/secure.gravatar.com\\\/avatar\\\/c30e2aa8fae60edcac91b7683df54f7ef8aa077bb6611baee6b47ada73e19e90?s=96&d=mm&r=g\",\"contentUrl\":\"https:\\\/\\\/secure.gravatar.com\\\/avatar\\\/c30e2aa8fae60edcac91b7683df54f7ef8aa077bb6611baee6b47ada73e19e90?s=96&d=mm&r=g\",\"caption\":\"bmoreno\"},\"sameAs\":[\"https:\\\/\\\/zonafrancabarranquilla.com\"],\"url\":\"https:\\\/\\\/zonafrancabarranquilla.com\\\/en\\\/author\\\/bmoreno\\\/\"}]}<\/script>\n<!-- \/ Yoast SEO plugin. -->","yoast_head_json":{"title":"Exitosa Visita Comercial de Empresarios de Barranquilla en Miami - Zona Franca de Barranquilla","robots":{"index":"index","follow":"follow","max-snippet":"max-snippet:-1","max-image-preview":"max-image-preview:large","max-video-preview":"max-video-preview:-1"},"canonical":"https:\/\/zonafrancabarranquilla.com\/en\/exitosa-visita-comercial-de-empresarios-de-barranquilla-en-miami\/","og_locale":"en_US","og_type":"article","og_title":"Exitosa Visita Comercial de Empresarios de Barranquilla en Miami - Zona Franca de Barranquilla","og_description":"M\u00e1s de 15 empresarios exploraron oportunidades de negocio en Miami, en la exitosa visita comercial organizada por\u00a0AmCham Barranquilla y Atl\u00e1ntico. Con el objetivo de promover sus negocios hacia nuevos horizontes, la delegaci\u00f3n de empresarios tuvo la oportunidad de participar en una serie de actividades estrat\u00e9gicas, como el\u00a0\u201cBusiness to Business Networking: Connecting Barranquilla with South Florida\u201d,\u00a0que ... Read more","og_url":"https:\/\/zonafrancabarranquilla.com\/en\/exitosa-visita-comercial-de-empresarios-de-barranquilla-en-miami\/","og_site_name":"Zona Franca de Barranquilla","article_published_time":"2023-08-31T15:36:09+00:00","og_image":[{"width":1110,"height":550,"url":"https:\/\/zonafrancabarranquilla.com\/wp-content\/uploads\/2023\/08\/EUWN0041-1110x550-1.jpg","type":"image\/jpeg"}],"author":"bmoreno","twitter_card":"summary_large_image","twitter_misc":{"Written by":"bmoreno","Est. reading time":"1 minute"},"schema":{"@context":"https:\/\/schema.org","@graph":[{"@type":"Article","@id":"https:\/\/zonafrancabarranquilla.com\/exitosa-visita-comercial-de-empresarios-de-barranquilla-en-miami\/#article","isPartOf":{"@id":"https:\/\/zonafrancabarranquilla.com\/exitosa-visita-comercial-de-empresarios-de-barranquilla-en-miami\/"},"author":{"name":"bmoreno","@id":"https:\/\/zonafrancabarranquilla.com\/#\/schema\/person\/32396a7b301500e7e97c4193ec2e86bc"},"headline":"Exitosa Visita Comercial de Empresarios de Barranquilla en Miami","datePublished":"2023-08-31T15:36:09+00:00","mainEntityOfPage":{"@id":"https:\/\/zonafrancabarranquilla.com\/exitosa-visita-comercial-de-empresarios-de-barranquilla-en-miami\/"},"wordCount":219,"publisher":{"@id":"https:\/\/zonafrancabarranquilla.com\/#organization"},"image":{"@id":"https:\/\/zonafrancabarranquilla.com\/exitosa-visita-comercial-de-empresarios-de-barranquilla-en-miami\/#primaryimage"},"thumbnailUrl":"https:\/\/zonafrancabarranquilla.com\/wp-content\/uploads\/2023\/08\/EUWN0041-1110x550-1.jpg","articleSection":["Blog"],"inLanguage":"en-US"},{"@type":"WebPage","@id":"https:\/\/zonafrancabarranquilla.com\/exitosa-visita-comercial-de-empresarios-de-barranquilla-en-miami\/","url":"https:\/\/zonafrancabarranquilla.com\/exitosa-visita-comercial-de-empresarios-de-barranquilla-en-miami\/","name":"Exitosa Visita Comercial de Empresarios de Barranquilla en Miami - Zona Franca de Barranquilla","isPartOf":{"@id":"https:\/\/zonafrancabarranquilla.com\/#website"},"primaryImageOfPage":{"@id":"https:\/\/zonafrancabarranquilla.com\/exitosa-visita-comercial-de-empresarios-de-barranquilla-en-miami\/#primaryimage"},"image":{"@id":"https:\/\/zonafrancabarranquilla.com\/exitosa-visita-comercial-de-empresarios-de-barranquilla-en-miami\/#primaryimage"},"thumbnailUrl":"https:\/\/zonafrancabarranquilla.com\/wp-content\/uploads\/2023\/08\/EUWN0041-1110x550-1.jpg","datePublished":"2023-08-31T15:36:09+00:00","breadcrumb":{"@id":"https:\/\/zonafrancabarranquilla.com\/exitosa-visita-comercial-de-empresarios-de-barranquilla-en-miami\/#breadcrumb"},"inLanguage":"en-US","potentialAction":[{"@type":"ReadAction","target":["https:\/\/zonafrancabarranquilla.com\/exitosa-visita-comercial-de-empresarios-de-barranquilla-en-miami\/"]}]},{"@type":"ImageObject","inLanguage":"en-US","@id":"https:\/\/zonafrancabarranquilla.com\/exitosa-visita-comercial-de-empresarios-de-barranquilla-en-miami\/#primaryimage","url":"https:\/\/zonafrancabarranquilla.com\/wp-content\/uploads\/2023\/08\/EUWN0041-1110x550-1.jpg","contentUrl":"https:\/\/zonafrancabarranquilla.com\/wp-content\/uploads\/2023\/08\/EUWN0041-1110x550-1.jpg","width":1110,"height":550},{"@type":"BreadcrumbList","@id":"https:\/\/zonafrancabarranquilla.com\/exitosa-visita-comercial-de-empresarios-de-barranquilla-en-miami\/#breadcrumb","itemListElement":[{"@type":"ListItem","position":1,"name":"Portada","item":"https:\/\/zonafrancabarranquilla.com\/"},{"@type":"ListItem","position":2,"name":"Exitosa Visita Comercial de Empresarios de Barranquilla en Miami"}]},{"@type":"WebSite","@id":"https:\/\/zonafrancabarranquilla.com\/#website","url":"https:\/\/zonafrancabarranquilla.com\/","name":"Barranquilla Free Trade Zone","description":"La Zona Franca de Barranquilla","publisher":{"@id":"https:\/\/zonafrancabarranquilla.com\/#organization"},"potentialAction":[{"@type":"SearchAction","target":{"@type":"EntryPoint","urlTemplate":"https:\/\/zonafrancabarranquilla.com\/?s={search_term_string}"},"query-input":{"@type":"PropertyValueSpecification","valueRequired":true,"valueName":"search_term_string"}}],"inLanguage":"en-US"},{"@type":"Organization","@id":"https:\/\/zonafrancabarranquilla.com\/#organization","name":"Barranquilla Free Trade Zone","url":"https:\/\/zonafrancabarranquilla.com\/","logo":{"@type":"ImageObject","inLanguage":"en-US","@id":"https:\/\/zonafrancabarranquilla.com\/#\/schema\/logo\/image\/","url":"https:\/\/zonafrancabarranquilla.com\/wp-content\/uploads\/2021\/03\/globologo-50.jpg","contentUrl":"https:\/\/zonafrancabarranquilla.com\/wp-content\/uploads\/2021\/03\/globologo-50.jpg","width":604,"height":630,"caption":"Zona Franca de Barranquilla"},"image":{"@id":"https:\/\/zonafrancabarranquilla.com\/#\/schema\/logo\/image\/"}},{"@type":"Person","@id":"https:\/\/zonafrancabarranquilla.com\/#\/schema\/person\/32396a7b301500e7e97c4193ec2e86bc","name":"bmoreno","image":{"@type":"ImageObject","inLanguage":"en-US","@id":"https:\/\/secure.gravatar.com\/avatar\/c30e2aa8fae60edcac91b7683df54f7ef8aa077bb6611baee6b47ada73e19e90?s=96&d=mm&r=g","url":"https:\/\/secure.gravatar.com\/avatar\/c30e2aa8fae60edcac91b7683df54f7ef8aa077bb6611baee6b47ada73e19e90?s=96&d=mm&r=g","contentUrl":"https:\/\/secure.gravatar.com\/avatar\/c30e2aa8fae60edcac91b7683df54f7ef8aa077bb6611baee6b47ada73e19e90?s=96&d=mm&r=g","caption":"bmoreno"},"sameAs":["https:\/\/zonafrancabarranquilla.com"],"url":"https:\/\/zonafrancabarranquilla.com\/en\/author\/bmoreno\/"}]}},"_links":{"self":[{"href":"https:\/\/zonafrancabarranquilla.com\/en\/wp-json\/wp\/v2\/posts\/6023","targetHints":{"allow":["GET"]}}],"collection":[{"href":"https:\/\/zonafrancabarranquilla.com\/en\/wp-json\/wp\/v2\/posts"}],"about":[{"href":"https:\/\/zonafrancabarranquilla.com\/en\/wp-json\/wp\/v2\/types\/post"}],"author":[{"embeddable":true,"href":"https:\/\/zonafrancabarranquilla.com\/en\/wp-json\/wp\/v2\/users\/1"}],"replies":[{"embeddable":true,"href":"https:\/\/zonafrancabarranquilla.com\/en\/wp-json\/wp\/v2\/comments?post=6023"}],"version-history":[{"count":1,"href":"https:\/\/zonafrancabarranquilla.com\/en\/wp-json\/wp\/v2\/posts\/6023\/revisions"}],"predecessor-version":[{"id":6025,"href":"https:\/\/zonafrancabarranquilla.com\/en\/wp-json\/wp\/v2\/posts\/6023\/revisions\/6025"}],"wp:featuredmedia":[{"embeddable":true,"href":"https:\/\/zonafrancabarranquilla.com\/en\/wp-json\/wp\/v2\/media\/6024"}],"wp:attachment":[{"href":"https:\/\/zonafrancabarranquilla.com\/en\/wp-json\/wp\/v2\/media?parent=6023"}],"wp:term":[{"taxonomy":"category","embeddable":true,"href":"https:\/\/zonafrancabarranquilla.com\/en\/wp-json\/wp\/v2\/categories?post=6023"},{"taxonomy":"post_tag","embeddable":true,"href":"https:\/\/zonafrancabarranquilla.com\/en\/wp-json\/wp\/v2\/tags?post=6023"}],"curies":[{"name":"wp","href":"https:\/\/api.w.org\/{rel}","templated":true}]}}