{"id":6020,"date":"2023-08-31T15:34:10","date_gmt":"2023-08-31T15:34:10","guid":{"rendered":"https:\/\/zonafrancabarranquilla.com\/?p=6020"},"modified":"2023-08-31T15:34:10","modified_gmt":"2023-08-31T15:34:10","slug":"impulsan-crecimiento-exportador-del-atlantico-en-mision-de-inversiones","status":"publish","type":"post","link":"https:\/\/zonafrancabarranquilla.com\/en\/impulsan-crecimiento-exportador-del-atlantico-en-mision-de-inversiones\/","title":{"rendered":"Impulsan crecimiento exportador del Atl\u00e1ntico en misi\u00f3n de inversiones"},"content":{"rendered":"<p class=\"article-summary\">ProBarranquilla lider\u00f3 una gira de atracci\u00f3n de inversiones en Bogot\u00e1 y Medell\u00edn, enfocada en empresas con potencial de establecer o expandir su operaci\u00f3n en el Caribe con mira en los mercados de exportaci\u00f3n.<\/p>\n<p>En busca de nuevas oportunidades de\u00a0<strong>inversi\u00f3n\u00a0<\/strong>para\u00a0<strong>Barranquilla\u00a0<\/strong>y el\u00a0<strong>Atl\u00e1ntico<\/strong>,\u00a0<strong>ProBarranquilla\u00a0<\/strong>lider\u00f3 una misi\u00f3n nacional en\u00a0<strong>Bogot\u00e1\u00a0<\/strong>y\u00a0<strong>Medell\u00edn\u00a0<\/strong>para visibilizar la propuesta de valor del territorio como plataforma exportadora.<\/p>\n<p>Junto a una delegaci\u00f3n compuesta por\u00a0<strong>Barranquilla Free Trade Zone<\/strong>, Zona Franca Zofia,\u00a0<strong>Zona Franca La Cayena<\/strong>,\u00a0<strong>Puerto de Barranquilla<\/strong>\u00a0y el cl\u00faster log\u00edstico Coremar, durante cuatro d\u00edas se desarrollaron 14 reuniones uno a uno con empresas de la industria de\u00a0<strong>manufacturas\u00a0<\/strong>pesadas, principalmente en los sectores de metalmec\u00e1nica, autopartes y materiales para la\u00a0<strong>construcci\u00f3n<\/strong>.<\/p>\n<p>Teniendo en cuenta que en 2022, cerca del 25 % de la\u00a0<strong>inversi\u00f3n\u00a0<\/strong>que se recibe en el departamento fue de origen nacional, el foco de la misi\u00f3n fue visitar empresas con potencial de fortalecer su capacidad exportadora aprovechando las ventajas competitivas del departamento.<\/p>\n<div class=\"field-item odd\">\n<div class=\"entity entity-paragraphs-item paragraphs-item-descripcion\">\n<div class=\"content\">\n<div class=\"field field-name-field-descripcion field-type-text-long field-label-hidden\">\n<div class=\"field-items\">\n<div class=\"field-item even\">\n<p>\u201cEl\u00a0<strong>Atl\u00e1ntico\u00a0<\/strong>es atractivo para la instalaci\u00f3n de compa\u00f1\u00edas interesadas en llegar a mercados internacionales, aprovechando la ubicaci\u00f3n estrat\u00e9gica del departamento, su infraestructura log\u00edstica y portuaria que facilita el comercio exterior, el talento humano calificado disponible, el tejido empresarial s\u00f3lido y la calidad de vida. Estos atributos nos posicionan como un polo de desarrollo industrial en la regio\u0301n\u201d afirma\u00a0<strong>Mar\u00eda Alejandra Henriquez<\/strong>, Gerente de Inversiones de ProBarranquilla.<\/p>\n<\/div>\n<\/div>\n<\/div>\n<\/div>\n<\/div>\n<\/div>\n<div class=\"field-item even\">\n<div class=\"shares\"><\/div>\n<div class=\"content-titulo\">\n<div class=\"titulo\">Barranquilla y el Atl\u00e1ntico destino atractivo para la inversi\u00f3n nacional<\/div>\n<\/div>\n<\/div>\n<div class=\"field-item odd\">\n<div class=\"entity entity-paragraphs-item paragraphs-item-descripcion\">\n<div class=\"content\">\n<div class=\"field field-name-field-descripcion field-type-text-long field-label-hidden\">\n<div class=\"field-items\">\n<div class=\"field-item even\">\n<p>La ubicaci\u00f3n estrat\u00e9gica, a 4 d\u00edas de tr\u00e1nsito mar\u00edtimo entre\u00a0<strong>Barranquilla\u00a0<\/strong>y la costa este de\u00a0<strong>Estados Unidos<\/strong>, con frecuencias portuarias semanales a\u00a0<strong>Centroam\u00e9rica<\/strong>, Islas del Caribe y\u00a0<strong>Norteam\u00e9rica\u00a0<\/strong>nos permite el acceso a un mercado de 1,500 millones de consumidores en m\u00e1s de 60 pa\u00edses que tienen acuerdos comerciales con Colombia donde se resaltan Estados Unidos, Brasil y M\u00e9xico como los principales pa\u00edses receptores de exportaciones desde el Atl\u00e1ntico.<\/p>\n<p>De igual forma,\u00a0<strong>Barranquilla\u00a0<\/strong>y el Atl\u00e1ntico son centro industrial y log\u00edstico del\u00a0<strong>Caribe<\/strong>, gracias a su infraestructura de negocios compuesta por 4 zonas francas, m\u00e1s de 25 parques industriales y 10 terminales portuarias que posibilitan al inversionista encontrar el lugar ideal para sus operaciones.<\/p>\n<\/div>\n<\/div>\n<\/div>\n<\/div>\n<\/div>\n<\/div>","protected":false},"excerpt":{"rendered":"<p>ProBarranquilla lider\u00f3 una gira de atracci\u00f3n de inversiones en Bogot\u00e1 y Medell\u00edn, enfocada en empresas con potencial de establecer o expandir su operaci\u00f3n en el Caribe con mira en los mercados de exportaci\u00f3n. En busca de nuevas oportunidades de\u00a0inversi\u00f3n\u00a0para\u00a0Barranquilla\u00a0y el\u00a0Atl\u00e1ntico,\u00a0ProBarranquilla\u00a0lider\u00f3 una misi\u00f3n nacional en\u00a0Bogot\u00e1\u00a0y\u00a0Medell\u00edn\u00a0para visibilizar la propuesta de valor del territorio como plataforma exportadora. Junto &#8230; <a title=\"Impulsan crecimiento exportador del Atl\u00e1ntico en misi\u00f3n de inversiones\" class=\"read-more\" href=\"https:\/\/zonafrancabarranquilla.com\/en\/impulsan-crecimiento-exportador-del-atlantico-en-mision-de-inversiones\/\" aria-label=\"Read more about Impulsan crecimiento exportador del Atl\u00e1ntico en misi\u00f3n de inversiones\">Read more<\/a><\/p>","protected":false},"author":1,"featured_media":6021,"comment_status":"closed","ping_status":"closed","sticky":false,"template":"","format":"standard","meta":{"_acf_changed":false,"footnotes":""},"categories":[2],"tags":[],"class_list":["post-6020","post","type-post","status-publish","format-standard","has-post-thumbnail","hentry","category-blog"],"acf":[],"yoast_head":"<!-- This site is optimized with the Yoast SEO plugin v27.4 - https:\/\/yoast.com\/product\/yoast-seo-wordpress\/ -->\n<title>Impulsan crecimiento exportador del Atl\u00e1ntico en misi\u00f3n de inversiones - Zona Franca de Barranquilla<\/title>\n<meta name=\"robots\" content=\"index, follow, max-snippet:-1, max-image-preview:large, max-video-preview:-1\" \/>\n<link rel=\"canonical\" href=\"https:\/\/zonafrancabarranquilla.com\/en\/impulsan-crecimiento-exportador-del-atlantico-en-mision-de-inversiones\/\" \/>\n<meta property=\"og:locale\" content=\"en_US\" \/>\n<meta property=\"og:type\" content=\"article\" \/>\n<meta property=\"og:title\" content=\"Impulsan crecimiento exportador del Atl\u00e1ntico en misi\u00f3n de inversiones - Zona Franca de Barranquilla\" \/>\n<meta property=\"og:description\" content=\"ProBarranquilla lider\u00f3 una gira de atracci\u00f3n de inversiones en Bogot\u00e1 y Medell\u00edn, enfocada en empresas con potencial de establecer o expandir su operaci\u00f3n en el Caribe con mira en los mercados de exportaci\u00f3n. En busca de nuevas oportunidades de\u00a0inversi\u00f3n\u00a0para\u00a0Barranquilla\u00a0y el\u00a0Atl\u00e1ntico,\u00a0ProBarranquilla\u00a0lider\u00f3 una misi\u00f3n nacional en\u00a0Bogot\u00e1\u00a0y\u00a0Medell\u00edn\u00a0para visibilizar la propuesta de valor del territorio como plataforma exportadora. Junto ... Read more\" \/>\n<meta property=\"og:url\" content=\"https:\/\/zonafrancabarranquilla.com\/en\/impulsan-crecimiento-exportador-del-atlantico-en-mision-de-inversiones\/\" \/>\n<meta property=\"og:site_name\" content=\"Zona Franca de Barranquilla\" \/>\n<meta property=\"article:published_time\" content=\"2023-08-31T15:34:10+00:00\" \/>\n<meta property=\"og:image\" content=\"https:\/\/zonafrancabarranquilla.com\/wp-content\/uploads\/2023\/08\/img-1-Impulsan-crecimiento.jpg\" \/>\n\t<meta property=\"og:image:width\" content=\"780\" \/>\n\t<meta property=\"og:image:height\" content=\"421\" \/>\n\t<meta property=\"og:image:type\" content=\"image\/jpeg\" \/>\n<meta name=\"author\" content=\"bmoreno\" \/>\n<meta name=\"twitter:card\" content=\"summary_large_image\" \/>\n<meta name=\"twitter:label1\" content=\"Written by\" \/>\n\t<meta name=\"twitter:data1\" content=\"bmoreno\" \/>\n\t<meta name=\"twitter:label2\" content=\"Est. reading time\" \/>\n\t<meta name=\"twitter:data2\" content=\"2 minutes\" \/>\n<script type=\"application\/ld+json\" class=\"yoast-schema-graph\">{\"@context\":\"https:\\\/\\\/schema.org\",\"@graph\":[{\"@type\":\"Article\",\"@id\":\"https:\\\/\\\/zonafrancabarranquilla.com\\\/impulsan-crecimiento-exportador-del-atlantico-en-mision-de-inversiones\\\/#article\",\"isPartOf\":{\"@id\":\"https:\\\/\\\/zonafrancabarranquilla.com\\\/impulsan-crecimiento-exportador-del-atlantico-en-mision-de-inversiones\\\/\"},\"author\":{\"name\":\"bmoreno\",\"@id\":\"https:\\\/\\\/zonafrancabarranquilla.com\\\/#\\\/schema\\\/person\\\/32396a7b301500e7e97c4193ec2e86bc\"},\"headline\":\"Impulsan crecimiento exportador del Atl\u00e1ntico en misi\u00f3n de inversiones\",\"datePublished\":\"2023-08-31T15:34:10+00:00\",\"mainEntityOfPage\":{\"@id\":\"https:\\\/\\\/zonafrancabarranquilla.com\\\/impulsan-crecimiento-exportador-del-atlantico-en-mision-de-inversiones\\\/\"},\"wordCount\":399,\"publisher\":{\"@id\":\"https:\\\/\\\/zonafrancabarranquilla.com\\\/#organization\"},\"image\":{\"@id\":\"https:\\\/\\\/zonafrancabarranquilla.com\\\/impulsan-crecimiento-exportador-del-atlantico-en-mision-de-inversiones\\\/#primaryimage\"},\"thumbnailUrl\":\"https:\\\/\\\/zonafrancabarranquilla.com\\\/wp-content\\\/uploads\\\/2023\\\/08\\\/img-1-Impulsan-crecimiento.jpg\",\"articleSection\":[\"Blog\"],\"inLanguage\":\"en-US\"},{\"@type\":\"WebPage\",\"@id\":\"https:\\\/\\\/zonafrancabarranquilla.com\\\/impulsan-crecimiento-exportador-del-atlantico-en-mision-de-inversiones\\\/\",\"url\":\"https:\\\/\\\/zonafrancabarranquilla.com\\\/impulsan-crecimiento-exportador-del-atlantico-en-mision-de-inversiones\\\/\",\"name\":\"Impulsan crecimiento exportador del Atl\u00e1ntico en misi\u00f3n de inversiones - Zona Franca de Barranquilla\",\"isPartOf\":{\"@id\":\"https:\\\/\\\/zonafrancabarranquilla.com\\\/#website\"},\"primaryImageOfPage\":{\"@id\":\"https:\\\/\\\/zonafrancabarranquilla.com\\\/impulsan-crecimiento-exportador-del-atlantico-en-mision-de-inversiones\\\/#primaryimage\"},\"image\":{\"@id\":\"https:\\\/\\\/zonafrancabarranquilla.com\\\/impulsan-crecimiento-exportador-del-atlantico-en-mision-de-inversiones\\\/#primaryimage\"},\"thumbnailUrl\":\"https:\\\/\\\/zonafrancabarranquilla.com\\\/wp-content\\\/uploads\\\/2023\\\/08\\\/img-1-Impulsan-crecimiento.jpg\",\"datePublished\":\"2023-08-31T15:34:10+00:00\",\"breadcrumb\":{\"@id\":\"https:\\\/\\\/zonafrancabarranquilla.com\\\/impulsan-crecimiento-exportador-del-atlantico-en-mision-de-inversiones\\\/#breadcrumb\"},\"inLanguage\":\"en-US\",\"potentialAction\":[{\"@type\":\"ReadAction\",\"target\":[\"https:\\\/\\\/zonafrancabarranquilla.com\\\/impulsan-crecimiento-exportador-del-atlantico-en-mision-de-inversiones\\\/\"]}]},{\"@type\":\"ImageObject\",\"inLanguage\":\"en-US\",\"@id\":\"https:\\\/\\\/zonafrancabarranquilla.com\\\/impulsan-crecimiento-exportador-del-atlantico-en-mision-de-inversiones\\\/#primaryimage\",\"url\":\"https:\\\/\\\/zonafrancabarranquilla.com\\\/wp-content\\\/uploads\\\/2023\\\/08\\\/img-1-Impulsan-crecimiento.jpg\",\"contentUrl\":\"https:\\\/\\\/zonafrancabarranquilla.com\\\/wp-content\\\/uploads\\\/2023\\\/08\\\/img-1-Impulsan-crecimiento.jpg\",\"width\":780,\"height\":421},{\"@type\":\"BreadcrumbList\",\"@id\":\"https:\\\/\\\/zonafrancabarranquilla.com\\\/impulsan-crecimiento-exportador-del-atlantico-en-mision-de-inversiones\\\/#breadcrumb\",\"itemListElement\":[{\"@type\":\"ListItem\",\"position\":1,\"name\":\"Portada\",\"item\":\"https:\\\/\\\/zonafrancabarranquilla.com\\\/\"},{\"@type\":\"ListItem\",\"position\":2,\"name\":\"Impulsan crecimiento exportador del Atl\u00e1ntico en misi\u00f3n de inversiones\"}]},{\"@type\":\"WebSite\",\"@id\":\"https:\\\/\\\/zonafrancabarranquilla.com\\\/#website\",\"url\":\"https:\\\/\\\/zonafrancabarranquilla.com\\\/\",\"name\":\"Zona Franca de Barranquilla\",\"description\":\"La Zona Franca de Barranquilla\",\"publisher\":{\"@id\":\"https:\\\/\\\/zonafrancabarranquilla.com\\\/#organization\"},\"potentialAction\":[{\"@type\":\"SearchAction\",\"target\":{\"@type\":\"EntryPoint\",\"urlTemplate\":\"https:\\\/\\\/zonafrancabarranquilla.com\\\/?s={search_term_string}\"},\"query-input\":{\"@type\":\"PropertyValueSpecification\",\"valueRequired\":true,\"valueName\":\"search_term_string\"}}],\"inLanguage\":\"en-US\"},{\"@type\":\"Organization\",\"@id\":\"https:\\\/\\\/zonafrancabarranquilla.com\\\/#organization\",\"name\":\"Zona Franca de Barranquilla\",\"url\":\"https:\\\/\\\/zonafrancabarranquilla.com\\\/\",\"logo\":{\"@type\":\"ImageObject\",\"inLanguage\":\"en-US\",\"@id\":\"https:\\\/\\\/zonafrancabarranquilla.com\\\/#\\\/schema\\\/logo\\\/image\\\/\",\"url\":\"https:\\\/\\\/zonafrancabarranquilla.com\\\/wp-content\\\/uploads\\\/2021\\\/03\\\/globologo-50.jpg\",\"contentUrl\":\"https:\\\/\\\/zonafrancabarranquilla.com\\\/wp-content\\\/uploads\\\/2021\\\/03\\\/globologo-50.jpg\",\"width\":604,\"height\":630,\"caption\":\"Zona Franca de Barranquilla\"},\"image\":{\"@id\":\"https:\\\/\\\/zonafrancabarranquilla.com\\\/#\\\/schema\\\/logo\\\/image\\\/\"}},{\"@type\":\"Person\",\"@id\":\"https:\\\/\\\/zonafrancabarranquilla.com\\\/#\\\/schema\\\/person\\\/32396a7b301500e7e97c4193ec2e86bc\",\"name\":\"bmoreno\",\"image\":{\"@type\":\"ImageObject\",\"inLanguage\":\"en-US\",\"@id\":\"https:\\\/\\\/secure.gravatar.com\\\/avatar\\\/c30e2aa8fae60edcac91b7683df54f7ef8aa077bb6611baee6b47ada73e19e90?s=96&d=mm&r=g\",\"url\":\"https:\\\/\\\/secure.gravatar.com\\\/avatar\\\/c30e2aa8fae60edcac91b7683df54f7ef8aa077bb6611baee6b47ada73e19e90?s=96&d=mm&r=g\",\"contentUrl\":\"https:\\\/\\\/secure.gravatar.com\\\/avatar\\\/c30e2aa8fae60edcac91b7683df54f7ef8aa077bb6611baee6b47ada73e19e90?s=96&d=mm&r=g\",\"caption\":\"bmoreno\"},\"sameAs\":[\"https:\\\/\\\/zonafrancabarranquilla.com\"],\"url\":\"https:\\\/\\\/zonafrancabarranquilla.com\\\/en\\\/author\\\/bmoreno\\\/\"}]}<\/script>\n<!-- \/ Yoast SEO plugin. -->","yoast_head_json":{"title":"Impulsan crecimiento exportador del Atl\u00e1ntico en misi\u00f3n de inversiones - Zona Franca de Barranquilla","robots":{"index":"index","follow":"follow","max-snippet":"max-snippet:-1","max-image-preview":"max-image-preview:large","max-video-preview":"max-video-preview:-1"},"canonical":"https:\/\/zonafrancabarranquilla.com\/en\/impulsan-crecimiento-exportador-del-atlantico-en-mision-de-inversiones\/","og_locale":"en_US","og_type":"article","og_title":"Impulsan crecimiento exportador del Atl\u00e1ntico en misi\u00f3n de inversiones - Zona Franca de Barranquilla","og_description":"ProBarranquilla lider\u00f3 una gira de atracci\u00f3n de inversiones en Bogot\u00e1 y Medell\u00edn, enfocada en empresas con potencial de establecer o expandir su operaci\u00f3n en el Caribe con mira en los mercados de exportaci\u00f3n. En busca de nuevas oportunidades de\u00a0inversi\u00f3n\u00a0para\u00a0Barranquilla\u00a0y el\u00a0Atl\u00e1ntico,\u00a0ProBarranquilla\u00a0lider\u00f3 una misi\u00f3n nacional en\u00a0Bogot\u00e1\u00a0y\u00a0Medell\u00edn\u00a0para visibilizar la propuesta de valor del territorio como plataforma exportadora. Junto ... Read more","og_url":"https:\/\/zonafrancabarranquilla.com\/en\/impulsan-crecimiento-exportador-del-atlantico-en-mision-de-inversiones\/","og_site_name":"Zona Franca de Barranquilla","article_published_time":"2023-08-31T15:34:10+00:00","og_image":[{"width":780,"height":421,"url":"https:\/\/zonafrancabarranquilla.com\/wp-content\/uploads\/2023\/08\/img-1-Impulsan-crecimiento.jpg","type":"image\/jpeg"}],"author":"bmoreno","twitter_card":"summary_large_image","twitter_misc":{"Written by":"bmoreno","Est. reading time":"2 minutes"},"schema":{"@context":"https:\/\/schema.org","@graph":[{"@type":"Article","@id":"https:\/\/zonafrancabarranquilla.com\/impulsan-crecimiento-exportador-del-atlantico-en-mision-de-inversiones\/#article","isPartOf":{"@id":"https:\/\/zonafrancabarranquilla.com\/impulsan-crecimiento-exportador-del-atlantico-en-mision-de-inversiones\/"},"author":{"name":"bmoreno","@id":"https:\/\/zonafrancabarranquilla.com\/#\/schema\/person\/32396a7b301500e7e97c4193ec2e86bc"},"headline":"Impulsan crecimiento exportador del Atl\u00e1ntico en misi\u00f3n de inversiones","datePublished":"2023-08-31T15:34:10+00:00","mainEntityOfPage":{"@id":"https:\/\/zonafrancabarranquilla.com\/impulsan-crecimiento-exportador-del-atlantico-en-mision-de-inversiones\/"},"wordCount":399,"publisher":{"@id":"https:\/\/zonafrancabarranquilla.com\/#organization"},"image":{"@id":"https:\/\/zonafrancabarranquilla.com\/impulsan-crecimiento-exportador-del-atlantico-en-mision-de-inversiones\/#primaryimage"},"thumbnailUrl":"https:\/\/zonafrancabarranquilla.com\/wp-content\/uploads\/2023\/08\/img-1-Impulsan-crecimiento.jpg","articleSection":["Blog"],"inLanguage":"en-US"},{"@type":"WebPage","@id":"https:\/\/zonafrancabarranquilla.com\/impulsan-crecimiento-exportador-del-atlantico-en-mision-de-inversiones\/","url":"https:\/\/zonafrancabarranquilla.com\/impulsan-crecimiento-exportador-del-atlantico-en-mision-de-inversiones\/","name":"Impulsan crecimiento exportador del Atl\u00e1ntico en misi\u00f3n de inversiones - Zona Franca de Barranquilla","isPartOf":{"@id":"https:\/\/zonafrancabarranquilla.com\/#website"},"primaryImageOfPage":{"@id":"https:\/\/zonafrancabarranquilla.com\/impulsan-crecimiento-exportador-del-atlantico-en-mision-de-inversiones\/#primaryimage"},"image":{"@id":"https:\/\/zonafrancabarranquilla.com\/impulsan-crecimiento-exportador-del-atlantico-en-mision-de-inversiones\/#primaryimage"},"thumbnailUrl":"https:\/\/zonafrancabarranquilla.com\/wp-content\/uploads\/2023\/08\/img-1-Impulsan-crecimiento.jpg","datePublished":"2023-08-31T15:34:10+00:00","breadcrumb":{"@id":"https:\/\/zonafrancabarranquilla.com\/impulsan-crecimiento-exportador-del-atlantico-en-mision-de-inversiones\/#breadcrumb"},"inLanguage":"en-US","potentialAction":[{"@type":"ReadAction","target":["https:\/\/zonafrancabarranquilla.com\/impulsan-crecimiento-exportador-del-atlantico-en-mision-de-inversiones\/"]}]},{"@type":"ImageObject","inLanguage":"en-US","@id":"https:\/\/zonafrancabarranquilla.com\/impulsan-crecimiento-exportador-del-atlantico-en-mision-de-inversiones\/#primaryimage","url":"https:\/\/zonafrancabarranquilla.com\/wp-content\/uploads\/2023\/08\/img-1-Impulsan-crecimiento.jpg","contentUrl":"https:\/\/zonafrancabarranquilla.com\/wp-content\/uploads\/2023\/08\/img-1-Impulsan-crecimiento.jpg","width":780,"height":421},{"@type":"BreadcrumbList","@id":"https:\/\/zonafrancabarranquilla.com\/impulsan-crecimiento-exportador-del-atlantico-en-mision-de-inversiones\/#breadcrumb","itemListElement":[{"@type":"ListItem","position":1,"name":"Portada","item":"https:\/\/zonafrancabarranquilla.com\/"},{"@type":"ListItem","position":2,"name":"Impulsan crecimiento exportador del Atl\u00e1ntico en misi\u00f3n de inversiones"}]},{"@type":"WebSite","@id":"https:\/\/zonafrancabarranquilla.com\/#website","url":"https:\/\/zonafrancabarranquilla.com\/","name":"Barranquilla Free Trade Zone","description":"La Zona Franca de Barranquilla","publisher":{"@id":"https:\/\/zonafrancabarranquilla.com\/#organization"},"potentialAction":[{"@type":"SearchAction","target":{"@type":"EntryPoint","urlTemplate":"https:\/\/zonafrancabarranquilla.com\/?s={search_term_string}"},"query-input":{"@type":"PropertyValueSpecification","valueRequired":true,"valueName":"search_term_string"}}],"inLanguage":"en-US"},{"@type":"Organization","@id":"https:\/\/zonafrancabarranquilla.com\/#organization","name":"Barranquilla Free Trade Zone","url":"https:\/\/zonafrancabarranquilla.com\/","logo":{"@type":"ImageObject","inLanguage":"en-US","@id":"https:\/\/zonafrancabarranquilla.com\/#\/schema\/logo\/image\/","url":"https:\/\/zonafrancabarranquilla.com\/wp-content\/uploads\/2021\/03\/globologo-50.jpg","contentUrl":"https:\/\/zonafrancabarranquilla.com\/wp-content\/uploads\/2021\/03\/globologo-50.jpg","width":604,"height":630,"caption":"Zona Franca de Barranquilla"},"image":{"@id":"https:\/\/zonafrancabarranquilla.com\/#\/schema\/logo\/image\/"}},{"@type":"Person","@id":"https:\/\/zonafrancabarranquilla.com\/#\/schema\/person\/32396a7b301500e7e97c4193ec2e86bc","name":"bmoreno","image":{"@type":"ImageObject","inLanguage":"en-US","@id":"https:\/\/secure.gravatar.com\/avatar\/c30e2aa8fae60edcac91b7683df54f7ef8aa077bb6611baee6b47ada73e19e90?s=96&d=mm&r=g","url":"https:\/\/secure.gravatar.com\/avatar\/c30e2aa8fae60edcac91b7683df54f7ef8aa077bb6611baee6b47ada73e19e90?s=96&d=mm&r=g","contentUrl":"https:\/\/secure.gravatar.com\/avatar\/c30e2aa8fae60edcac91b7683df54f7ef8aa077bb6611baee6b47ada73e19e90?s=96&d=mm&r=g","caption":"bmoreno"},"sameAs":["https:\/\/zonafrancabarranquilla.com"],"url":"https:\/\/zonafrancabarranquilla.com\/en\/author\/bmoreno\/"}]}},"_links":{"self":[{"href":"https:\/\/zonafrancabarranquilla.com\/en\/wp-json\/wp\/v2\/posts\/6020","targetHints":{"allow":["GET"]}}],"collection":[{"href":"https:\/\/zonafrancabarranquilla.com\/en\/wp-json\/wp\/v2\/posts"}],"about":[{"href":"https:\/\/zonafrancabarranquilla.com\/en\/wp-json\/wp\/v2\/types\/post"}],"author":[{"embeddable":true,"href":"https:\/\/zonafrancabarranquilla.com\/en\/wp-json\/wp\/v2\/users\/1"}],"replies":[{"embeddable":true,"href":"https:\/\/zonafrancabarranquilla.com\/en\/wp-json\/wp\/v2\/comments?post=6020"}],"version-history":[{"count":1,"href":"https:\/\/zonafrancabarranquilla.com\/en\/wp-json\/wp\/v2\/posts\/6020\/revisions"}],"predecessor-version":[{"id":6022,"href":"https:\/\/zonafrancabarranquilla.com\/en\/wp-json\/wp\/v2\/posts\/6020\/revisions\/6022"}],"wp:featuredmedia":[{"embeddable":true,"href":"https:\/\/zonafrancabarranquilla.com\/en\/wp-json\/wp\/v2\/media\/6021"}],"wp:attachment":[{"href":"https:\/\/zonafrancabarranquilla.com\/en\/wp-json\/wp\/v2\/media?parent=6020"}],"wp:term":[{"taxonomy":"category","embeddable":true,"href":"https:\/\/zonafrancabarranquilla.com\/en\/wp-json\/wp\/v2\/categories?post=6020"},{"taxonomy":"post_tag","embeddable":true,"href":"https:\/\/zonafrancabarranquilla.com\/en\/wp-json\/wp\/v2\/tags?post=6020"}],"curies":[{"name":"wp","href":"https:\/\/api.w.org\/{rel}","templated":true}]}}