{"id":6017,"date":"2023-08-31T15:30:59","date_gmt":"2023-08-31T15:30:59","guid":{"rendered":"https:\/\/zonafrancabarranquilla.com\/?p=6017"},"modified":"2023-08-31T15:30:59","modified_gmt":"2023-08-31T15:30:59","slug":"probarranquilla-lidero-gira-de-promocion-de-inversiones-en-estados-unidos","status":"publish","type":"post","link":"https:\/\/zonafrancabarranquilla.com\/en\/probarranquilla-lidero-gira-de-promocion-de-inversiones-en-estados-unidos\/","title":{"rendered":"ProBarranquilla lider\u00f3 gira de promoci\u00f3n de inversiones en Estados Unidos"},"content":{"rendered":"<p class=\"article-summary\">El principal enfoque de esta iniciativa fue seguir posicionando a Barranquilla y al Atl\u00e1ntico como un hub industrial y log\u00edstico id\u00f3neo para el \u2018nearshoring\u2019 ante empresas estadounidenses.<\/p>\n<p>Con el prop\u00f3sito de identificar oportunidades de inversi\u00f3n para\u00a0<strong>Barranquilla\u00a0<\/strong>y el\u00a0<strong>Atl\u00e1ntico<\/strong>,\u00a0<strong>ProBarranquilla<\/strong>, con el apoyo de\u00a0<strong>ProColombia\u00a0<\/strong>y en compa\u00f1\u00eda de una delegaci\u00f3n compuesta por<strong>\u00a0Barranquilla Free Trade Zone<\/strong>, Zona Franca Zofia,\u00a0<strong>Zona Franca La Cayena<\/strong>,\u00a0<strong>Puerto de Barranquilla<\/strong>, el cl\u00faster log\u00edstico Coremar y la\u00a0<strong>C\u00e1mara de Comercio de Barranquilla<\/strong>, realiz\u00f3 una misi\u00f3n comercial de atracci\u00f3n de inversiones en Estados Unidos durante la semana del 14 al 18 de agosto, en las ciudades de\u00a0<strong>Miami\u00a0<\/strong>y\u00a0<strong>Atlanta<\/strong>.<\/p>\n<div class=\"field-item odd\">\n<div class=\"entity entity-paragraphs-item paragraphs-item-descripcion\">\n<div class=\"content\">\n<div class=\"field field-name-field-descripcion field-type-text-long field-label-hidden\">\n<div class=\"field-items\">\n<div class=\"field-item even\">\n<p>El principal enfoque de esta iniciativa fue seguir posicionando a\u00a0<strong>Barranquilla\u00a0<\/strong>y al Atl\u00e1ntico como un\u00a0<strong>hub\u00a0<\/strong>industrial y log\u00edstico id\u00f3neo para el \u2018<strong>nearshoring<\/strong>\u2019 ante empresas estadounidenses que buscan acercar sus operaciones y proveedur\u00eda a sus mercados de\u00a0<strong>consumo<\/strong>.<\/p>\n<p>\u201cGracias al\u00a0<strong>Tratado de Libre Comercio<\/strong>\u00a0con los<strong>\u00a0Estados Unidos<\/strong>, son m\u00e1s de 11.000 productos colombianos que tienen acceso preferencial a este mercado, lo cual puede ser aprovechado por las empresas al instalar operaciones bajo el r\u00e9gimen de zona franca, que al incorporar mano de obra local y materias primas o insumos nacionales, le permitan obtener el origen colombiano y as\u00ed beneficiarse del tratado desde Barranquilla como plataforma industrial y de exportaci\u00f3n a los Estados Unidos,\u201d afirm\u00f3\u00a0<strong>Mar\u00eda Alejandra Henr\u00edquez<\/strong>, gerente de Inversiones de\u00a0<strong>ProBarranquilla<\/strong>.<\/p>\n<p>Se realizaron un total de 9 reuniones uno a uno con potenciales inversionistas de la<strong>\u00a0industria manufacturera<\/strong>, principalmente de los sectores de metalmec\u00e1nica, materiales para la construcci\u00f3n, alimentos, qu\u00edmicos y pl\u00e1sticos.<\/p>\n<\/div>\n<\/div>\n<\/div>\n<\/div>\n<\/div>\n<\/div>\n<div class=\"field-item even\">\n<div id=\"relacionado-body\">\n<div class=\"box-title\">\n<p>Igualmente, se llevaron a cabo 2 seminarios de promoci\u00f3n de inversiones, en colaboraci\u00f3n con el Greater Miami Chamber y Global Atlanta. As\u00ed como una mesa redonda con empresarios del Georgia Hispanic Chamber of Commerce, con el fin de presentar la propuesta de valor del territorio y explorar oportunidades de trabajo conjunto.<\/p>\n<p>\u00abEsta es una oportunidad en favor del crecimiento econ\u00f3mico del pa\u00eds y una ventana para los negocios de una regi\u00f3n din\u00e1mica, prometedora y que refleja la belleza integral de nuestro territorio, su gente, regiones y potencial para invertir. Buscamos concretar la llegada de nueva inversi\u00f3n con vocaci\u00f3n sostenible, en importantes proyectos y otras iniciativas que han transformado y est\u00e1n transformando a Colombia\u00bb, se\u00f1al\u00f3\u00a0<strong>Carmen Caballero<\/strong>, presidenta de\u00a0<strong>ProColombia<\/strong>.<\/p>\n<\/div>\n<\/div>\n<\/div>","protected":false},"excerpt":{"rendered":"<p>El principal enfoque de esta iniciativa fue seguir posicionando a Barranquilla y al Atl\u00e1ntico como un hub industrial y log\u00edstico id\u00f3neo para el \u2018nearshoring\u2019 ante empresas estadounidenses. Con el prop\u00f3sito de identificar oportunidades de inversi\u00f3n para\u00a0Barranquilla\u00a0y el\u00a0Atl\u00e1ntico,\u00a0ProBarranquilla, con el apoyo de\u00a0ProColombia\u00a0y en compa\u00f1\u00eda de una delegaci\u00f3n compuesta por\u00a0Zona Franca de Barranquilla, Zona Franca Zofia,\u00a0Zona Franca &#8230; <a title=\"ProBarranquilla lider\u00f3 gira de promoci\u00f3n de inversiones en Estados Unidos\" class=\"read-more\" href=\"https:\/\/zonafrancabarranquilla.com\/en\/probarranquilla-lidero-gira-de-promocion-de-inversiones-en-estados-unidos\/\" aria-label=\"Read more about ProBarranquilla lider\u00f3 gira de promoci\u00f3n de inversiones en Estados Unidos\">Read more<\/a><\/p>","protected":false},"author":1,"featured_media":6018,"comment_status":"closed","ping_status":"closed","sticky":false,"template":"","format":"standard","meta":{"_acf_changed":false,"footnotes":""},"categories":[2],"tags":[],"class_list":["post-6017","post","type-post","status-publish","format-standard","has-post-thumbnail","hentry","category-blog"],"acf":[],"yoast_head":"<!-- This site is optimized with the Yoast SEO plugin v27.4 - https:\/\/yoast.com\/product\/yoast-seo-wordpress\/ -->\n<title>ProBarranquilla lider\u00f3 gira de promoci\u00f3n de inversiones en Estados Unidos - Zona Franca de Barranquilla<\/title>\n<meta name=\"robots\" content=\"index, follow, max-snippet:-1, max-image-preview:large, max-video-preview:-1\" \/>\n<link rel=\"canonical\" href=\"https:\/\/zonafrancabarranquilla.com\/en\/probarranquilla-lidero-gira-de-promocion-de-inversiones-en-estados-unidos\/\" \/>\n<meta property=\"og:locale\" content=\"en_US\" \/>\n<meta property=\"og:type\" content=\"article\" \/>\n<meta property=\"og:title\" content=\"ProBarranquilla lider\u00f3 gira de promoci\u00f3n de inversiones en Estados Unidos - Zona Franca de Barranquilla\" \/>\n<meta property=\"og:description\" content=\"El principal enfoque de esta iniciativa fue seguir posicionando a Barranquilla y al Atl\u00e1ntico como un hub industrial y log\u00edstico id\u00f3neo para el \u2018nearshoring\u2019 ante empresas estadounidenses. Con el prop\u00f3sito de identificar oportunidades de inversi\u00f3n para\u00a0Barranquilla\u00a0y el\u00a0Atl\u00e1ntico,\u00a0ProBarranquilla, con el apoyo de\u00a0ProColombia\u00a0y en compa\u00f1\u00eda de una delegaci\u00f3n compuesta por\u00a0Zona Franca de Barranquilla, Zona Franca Zofia,\u00a0Zona Franca ... Read more\" \/>\n<meta property=\"og:url\" content=\"https:\/\/zonafrancabarranquilla.com\/en\/probarranquilla-lidero-gira-de-promocion-de-inversiones-en-estados-unidos\/\" \/>\n<meta property=\"og:site_name\" content=\"Zona Franca de Barranquilla\" \/>\n<meta property=\"article:published_time\" content=\"2023-08-31T15:30:59+00:00\" \/>\n<meta property=\"og:image\" content=\"https:\/\/zonafrancabarranquilla.com\/wp-content\/uploads\/2023\/08\/img-1-ProBarranquilla.jpg\" \/>\n\t<meta property=\"og:image:width\" content=\"814\" \/>\n\t<meta property=\"og:image:height\" content=\"432\" \/>\n\t<meta property=\"og:image:type\" content=\"image\/jpeg\" \/>\n<meta name=\"author\" content=\"bmoreno\" \/>\n<meta name=\"twitter:card\" content=\"summary_large_image\" \/>\n<meta name=\"twitter:label1\" content=\"Written by\" \/>\n\t<meta name=\"twitter:data1\" content=\"bmoreno\" \/>\n\t<meta name=\"twitter:label2\" content=\"Est. reading time\" \/>\n\t<meta name=\"twitter:data2\" content=\"2 minutes\" \/>\n<script type=\"application\/ld+json\" class=\"yoast-schema-graph\">{\"@context\":\"https:\\\/\\\/schema.org\",\"@graph\":[{\"@type\":\"Article\",\"@id\":\"https:\\\/\\\/zonafrancabarranquilla.com\\\/probarranquilla-lidero-gira-de-promocion-de-inversiones-en-estados-unidos\\\/#article\",\"isPartOf\":{\"@id\":\"https:\\\/\\\/zonafrancabarranquilla.com\\\/probarranquilla-lidero-gira-de-promocion-de-inversiones-en-estados-unidos\\\/\"},\"author\":{\"name\":\"bmoreno\",\"@id\":\"https:\\\/\\\/zonafrancabarranquilla.com\\\/#\\\/schema\\\/person\\\/32396a7b301500e7e97c4193ec2e86bc\"},\"headline\":\"ProBarranquilla lider\u00f3 gira de promoci\u00f3n de inversiones en Estados Unidos\",\"datePublished\":\"2023-08-31T15:30:59+00:00\",\"mainEntityOfPage\":{\"@id\":\"https:\\\/\\\/zonafrancabarranquilla.com\\\/probarranquilla-lidero-gira-de-promocion-de-inversiones-en-estados-unidos\\\/\"},\"wordCount\":422,\"publisher\":{\"@id\":\"https:\\\/\\\/zonafrancabarranquilla.com\\\/#organization\"},\"image\":{\"@id\":\"https:\\\/\\\/zonafrancabarranquilla.com\\\/probarranquilla-lidero-gira-de-promocion-de-inversiones-en-estados-unidos\\\/#primaryimage\"},\"thumbnailUrl\":\"https:\\\/\\\/zonafrancabarranquilla.com\\\/wp-content\\\/uploads\\\/2023\\\/08\\\/img-1-ProBarranquilla.jpg\",\"articleSection\":[\"Blog\"],\"inLanguage\":\"en-US\"},{\"@type\":\"WebPage\",\"@id\":\"https:\\\/\\\/zonafrancabarranquilla.com\\\/probarranquilla-lidero-gira-de-promocion-de-inversiones-en-estados-unidos\\\/\",\"url\":\"https:\\\/\\\/zonafrancabarranquilla.com\\\/probarranquilla-lidero-gira-de-promocion-de-inversiones-en-estados-unidos\\\/\",\"name\":\"ProBarranquilla lider\u00f3 gira de promoci\u00f3n de inversiones en Estados Unidos - Zona Franca de Barranquilla\",\"isPartOf\":{\"@id\":\"https:\\\/\\\/zonafrancabarranquilla.com\\\/#website\"},\"primaryImageOfPage\":{\"@id\":\"https:\\\/\\\/zonafrancabarranquilla.com\\\/probarranquilla-lidero-gira-de-promocion-de-inversiones-en-estados-unidos\\\/#primaryimage\"},\"image\":{\"@id\":\"https:\\\/\\\/zonafrancabarranquilla.com\\\/probarranquilla-lidero-gira-de-promocion-de-inversiones-en-estados-unidos\\\/#primaryimage\"},\"thumbnailUrl\":\"https:\\\/\\\/zonafrancabarranquilla.com\\\/wp-content\\\/uploads\\\/2023\\\/08\\\/img-1-ProBarranquilla.jpg\",\"datePublished\":\"2023-08-31T15:30:59+00:00\",\"breadcrumb\":{\"@id\":\"https:\\\/\\\/zonafrancabarranquilla.com\\\/probarranquilla-lidero-gira-de-promocion-de-inversiones-en-estados-unidos\\\/#breadcrumb\"},\"inLanguage\":\"en-US\",\"potentialAction\":[{\"@type\":\"ReadAction\",\"target\":[\"https:\\\/\\\/zonafrancabarranquilla.com\\\/probarranquilla-lidero-gira-de-promocion-de-inversiones-en-estados-unidos\\\/\"]}]},{\"@type\":\"ImageObject\",\"inLanguage\":\"en-US\",\"@id\":\"https:\\\/\\\/zonafrancabarranquilla.com\\\/probarranquilla-lidero-gira-de-promocion-de-inversiones-en-estados-unidos\\\/#primaryimage\",\"url\":\"https:\\\/\\\/zonafrancabarranquilla.com\\\/wp-content\\\/uploads\\\/2023\\\/08\\\/img-1-ProBarranquilla.jpg\",\"contentUrl\":\"https:\\\/\\\/zonafrancabarranquilla.com\\\/wp-content\\\/uploads\\\/2023\\\/08\\\/img-1-ProBarranquilla.jpg\",\"width\":814,\"height\":432},{\"@type\":\"BreadcrumbList\",\"@id\":\"https:\\\/\\\/zonafrancabarranquilla.com\\\/probarranquilla-lidero-gira-de-promocion-de-inversiones-en-estados-unidos\\\/#breadcrumb\",\"itemListElement\":[{\"@type\":\"ListItem\",\"position\":1,\"name\":\"Portada\",\"item\":\"https:\\\/\\\/zonafrancabarranquilla.com\\\/\"},{\"@type\":\"ListItem\",\"position\":2,\"name\":\"ProBarranquilla lider\u00f3 gira de promoci\u00f3n de inversiones en Estados Unidos\"}]},{\"@type\":\"WebSite\",\"@id\":\"https:\\\/\\\/zonafrancabarranquilla.com\\\/#website\",\"url\":\"https:\\\/\\\/zonafrancabarranquilla.com\\\/\",\"name\":\"Zona Franca de Barranquilla\",\"description\":\"La Zona Franca de Barranquilla\",\"publisher\":{\"@id\":\"https:\\\/\\\/zonafrancabarranquilla.com\\\/#organization\"},\"potentialAction\":[{\"@type\":\"SearchAction\",\"target\":{\"@type\":\"EntryPoint\",\"urlTemplate\":\"https:\\\/\\\/zonafrancabarranquilla.com\\\/?s={search_term_string}\"},\"query-input\":{\"@type\":\"PropertyValueSpecification\",\"valueRequired\":true,\"valueName\":\"search_term_string\"}}],\"inLanguage\":\"en-US\"},{\"@type\":\"Organization\",\"@id\":\"https:\\\/\\\/zonafrancabarranquilla.com\\\/#organization\",\"name\":\"Zona Franca de Barranquilla\",\"url\":\"https:\\\/\\\/zonafrancabarranquilla.com\\\/\",\"logo\":{\"@type\":\"ImageObject\",\"inLanguage\":\"en-US\",\"@id\":\"https:\\\/\\\/zonafrancabarranquilla.com\\\/#\\\/schema\\\/logo\\\/image\\\/\",\"url\":\"https:\\\/\\\/zonafrancabarranquilla.com\\\/wp-content\\\/uploads\\\/2021\\\/03\\\/globologo-50.jpg\",\"contentUrl\":\"https:\\\/\\\/zonafrancabarranquilla.com\\\/wp-content\\\/uploads\\\/2021\\\/03\\\/globologo-50.jpg\",\"width\":604,\"height\":630,\"caption\":\"Zona Franca de Barranquilla\"},\"image\":{\"@id\":\"https:\\\/\\\/zonafrancabarranquilla.com\\\/#\\\/schema\\\/logo\\\/image\\\/\"}},{\"@type\":\"Person\",\"@id\":\"https:\\\/\\\/zonafrancabarranquilla.com\\\/#\\\/schema\\\/person\\\/32396a7b301500e7e97c4193ec2e86bc\",\"name\":\"bmoreno\",\"image\":{\"@type\":\"ImageObject\",\"inLanguage\":\"en-US\",\"@id\":\"https:\\\/\\\/secure.gravatar.com\\\/avatar\\\/c30e2aa8fae60edcac91b7683df54f7ef8aa077bb6611baee6b47ada73e19e90?s=96&d=mm&r=g\",\"url\":\"https:\\\/\\\/secure.gravatar.com\\\/avatar\\\/c30e2aa8fae60edcac91b7683df54f7ef8aa077bb6611baee6b47ada73e19e90?s=96&d=mm&r=g\",\"contentUrl\":\"https:\\\/\\\/secure.gravatar.com\\\/avatar\\\/c30e2aa8fae60edcac91b7683df54f7ef8aa077bb6611baee6b47ada73e19e90?s=96&d=mm&r=g\",\"caption\":\"bmoreno\"},\"sameAs\":[\"https:\\\/\\\/zonafrancabarranquilla.com\"],\"url\":\"https:\\\/\\\/zonafrancabarranquilla.com\\\/en\\\/author\\\/bmoreno\\\/\"}]}<\/script>\n<!-- \/ Yoast SEO plugin. -->","yoast_head_json":{"title":"ProBarranquilla lider\u00f3 gira de promoci\u00f3n de inversiones en Estados Unidos - Zona Franca de Barranquilla","robots":{"index":"index","follow":"follow","max-snippet":"max-snippet:-1","max-image-preview":"max-image-preview:large","max-video-preview":"max-video-preview:-1"},"canonical":"https:\/\/zonafrancabarranquilla.com\/en\/probarranquilla-lidero-gira-de-promocion-de-inversiones-en-estados-unidos\/","og_locale":"en_US","og_type":"article","og_title":"ProBarranquilla lider\u00f3 gira de promoci\u00f3n de inversiones en Estados Unidos - Zona Franca de Barranquilla","og_description":"El principal enfoque de esta iniciativa fue seguir posicionando a Barranquilla y al Atl\u00e1ntico como un hub industrial y log\u00edstico id\u00f3neo para el \u2018nearshoring\u2019 ante empresas estadounidenses. Con el prop\u00f3sito de identificar oportunidades de inversi\u00f3n para\u00a0Barranquilla\u00a0y el\u00a0Atl\u00e1ntico,\u00a0ProBarranquilla, con el apoyo de\u00a0ProColombia\u00a0y en compa\u00f1\u00eda de una delegaci\u00f3n compuesta por\u00a0Zona Franca de Barranquilla, Zona Franca Zofia,\u00a0Zona Franca ... Read more","og_url":"https:\/\/zonafrancabarranquilla.com\/en\/probarranquilla-lidero-gira-de-promocion-de-inversiones-en-estados-unidos\/","og_site_name":"Zona Franca de Barranquilla","article_published_time":"2023-08-31T15:30:59+00:00","og_image":[{"width":814,"height":432,"url":"https:\/\/zonafrancabarranquilla.com\/wp-content\/uploads\/2023\/08\/img-1-ProBarranquilla.jpg","type":"image\/jpeg"}],"author":"bmoreno","twitter_card":"summary_large_image","twitter_misc":{"Written by":"bmoreno","Est. reading time":"2 minutes"},"schema":{"@context":"https:\/\/schema.org","@graph":[{"@type":"Article","@id":"https:\/\/zonafrancabarranquilla.com\/probarranquilla-lidero-gira-de-promocion-de-inversiones-en-estados-unidos\/#article","isPartOf":{"@id":"https:\/\/zonafrancabarranquilla.com\/probarranquilla-lidero-gira-de-promocion-de-inversiones-en-estados-unidos\/"},"author":{"name":"bmoreno","@id":"https:\/\/zonafrancabarranquilla.com\/#\/schema\/person\/32396a7b301500e7e97c4193ec2e86bc"},"headline":"ProBarranquilla lider\u00f3 gira de promoci\u00f3n de inversiones en Estados Unidos","datePublished":"2023-08-31T15:30:59+00:00","mainEntityOfPage":{"@id":"https:\/\/zonafrancabarranquilla.com\/probarranquilla-lidero-gira-de-promocion-de-inversiones-en-estados-unidos\/"},"wordCount":422,"publisher":{"@id":"https:\/\/zonafrancabarranquilla.com\/#organization"},"image":{"@id":"https:\/\/zonafrancabarranquilla.com\/probarranquilla-lidero-gira-de-promocion-de-inversiones-en-estados-unidos\/#primaryimage"},"thumbnailUrl":"https:\/\/zonafrancabarranquilla.com\/wp-content\/uploads\/2023\/08\/img-1-ProBarranquilla.jpg","articleSection":["Blog"],"inLanguage":"en-US"},{"@type":"WebPage","@id":"https:\/\/zonafrancabarranquilla.com\/probarranquilla-lidero-gira-de-promocion-de-inversiones-en-estados-unidos\/","url":"https:\/\/zonafrancabarranquilla.com\/probarranquilla-lidero-gira-de-promocion-de-inversiones-en-estados-unidos\/","name":"ProBarranquilla lider\u00f3 gira de promoci\u00f3n de inversiones en Estados Unidos - Zona Franca de Barranquilla","isPartOf":{"@id":"https:\/\/zonafrancabarranquilla.com\/#website"},"primaryImageOfPage":{"@id":"https:\/\/zonafrancabarranquilla.com\/probarranquilla-lidero-gira-de-promocion-de-inversiones-en-estados-unidos\/#primaryimage"},"image":{"@id":"https:\/\/zonafrancabarranquilla.com\/probarranquilla-lidero-gira-de-promocion-de-inversiones-en-estados-unidos\/#primaryimage"},"thumbnailUrl":"https:\/\/zonafrancabarranquilla.com\/wp-content\/uploads\/2023\/08\/img-1-ProBarranquilla.jpg","datePublished":"2023-08-31T15:30:59+00:00","breadcrumb":{"@id":"https:\/\/zonafrancabarranquilla.com\/probarranquilla-lidero-gira-de-promocion-de-inversiones-en-estados-unidos\/#breadcrumb"},"inLanguage":"en-US","potentialAction":[{"@type":"ReadAction","target":["https:\/\/zonafrancabarranquilla.com\/probarranquilla-lidero-gira-de-promocion-de-inversiones-en-estados-unidos\/"]}]},{"@type":"ImageObject","inLanguage":"en-US","@id":"https:\/\/zonafrancabarranquilla.com\/probarranquilla-lidero-gira-de-promocion-de-inversiones-en-estados-unidos\/#primaryimage","url":"https:\/\/zonafrancabarranquilla.com\/wp-content\/uploads\/2023\/08\/img-1-ProBarranquilla.jpg","contentUrl":"https:\/\/zonafrancabarranquilla.com\/wp-content\/uploads\/2023\/08\/img-1-ProBarranquilla.jpg","width":814,"height":432},{"@type":"BreadcrumbList","@id":"https:\/\/zonafrancabarranquilla.com\/probarranquilla-lidero-gira-de-promocion-de-inversiones-en-estados-unidos\/#breadcrumb","itemListElement":[{"@type":"ListItem","position":1,"name":"Portada","item":"https:\/\/zonafrancabarranquilla.com\/"},{"@type":"ListItem","position":2,"name":"ProBarranquilla lider\u00f3 gira de promoci\u00f3n de inversiones en Estados Unidos"}]},{"@type":"WebSite","@id":"https:\/\/zonafrancabarranquilla.com\/#website","url":"https:\/\/zonafrancabarranquilla.com\/","name":"Barranquilla Free Trade Zone","description":"La Zona Franca de Barranquilla","publisher":{"@id":"https:\/\/zonafrancabarranquilla.com\/#organization"},"potentialAction":[{"@type":"SearchAction","target":{"@type":"EntryPoint","urlTemplate":"https:\/\/zonafrancabarranquilla.com\/?s={search_term_string}"},"query-input":{"@type":"PropertyValueSpecification","valueRequired":true,"valueName":"search_term_string"}}],"inLanguage":"en-US"},{"@type":"Organization","@id":"https:\/\/zonafrancabarranquilla.com\/#organization","name":"Barranquilla Free Trade Zone","url":"https:\/\/zonafrancabarranquilla.com\/","logo":{"@type":"ImageObject","inLanguage":"en-US","@id":"https:\/\/zonafrancabarranquilla.com\/#\/schema\/logo\/image\/","url":"https:\/\/zonafrancabarranquilla.com\/wp-content\/uploads\/2021\/03\/globologo-50.jpg","contentUrl":"https:\/\/zonafrancabarranquilla.com\/wp-content\/uploads\/2021\/03\/globologo-50.jpg","width":604,"height":630,"caption":"Zona Franca de Barranquilla"},"image":{"@id":"https:\/\/zonafrancabarranquilla.com\/#\/schema\/logo\/image\/"}},{"@type":"Person","@id":"https:\/\/zonafrancabarranquilla.com\/#\/schema\/person\/32396a7b301500e7e97c4193ec2e86bc","name":"bmoreno","image":{"@type":"ImageObject","inLanguage":"en-US","@id":"https:\/\/secure.gravatar.com\/avatar\/c30e2aa8fae60edcac91b7683df54f7ef8aa077bb6611baee6b47ada73e19e90?s=96&d=mm&r=g","url":"https:\/\/secure.gravatar.com\/avatar\/c30e2aa8fae60edcac91b7683df54f7ef8aa077bb6611baee6b47ada73e19e90?s=96&d=mm&r=g","contentUrl":"https:\/\/secure.gravatar.com\/avatar\/c30e2aa8fae60edcac91b7683df54f7ef8aa077bb6611baee6b47ada73e19e90?s=96&d=mm&r=g","caption":"bmoreno"},"sameAs":["https:\/\/zonafrancabarranquilla.com"],"url":"https:\/\/zonafrancabarranquilla.com\/en\/author\/bmoreno\/"}]}},"_links":{"self":[{"href":"https:\/\/zonafrancabarranquilla.com\/en\/wp-json\/wp\/v2\/posts\/6017","targetHints":{"allow":["GET"]}}],"collection":[{"href":"https:\/\/zonafrancabarranquilla.com\/en\/wp-json\/wp\/v2\/posts"}],"about":[{"href":"https:\/\/zonafrancabarranquilla.com\/en\/wp-json\/wp\/v2\/types\/post"}],"author":[{"embeddable":true,"href":"https:\/\/zonafrancabarranquilla.com\/en\/wp-json\/wp\/v2\/users\/1"}],"replies":[{"embeddable":true,"href":"https:\/\/zonafrancabarranquilla.com\/en\/wp-json\/wp\/v2\/comments?post=6017"}],"version-history":[{"count":1,"href":"https:\/\/zonafrancabarranquilla.com\/en\/wp-json\/wp\/v2\/posts\/6017\/revisions"}],"predecessor-version":[{"id":6019,"href":"https:\/\/zonafrancabarranquilla.com\/en\/wp-json\/wp\/v2\/posts\/6017\/revisions\/6019"}],"wp:featuredmedia":[{"embeddable":true,"href":"https:\/\/zonafrancabarranquilla.com\/en\/wp-json\/wp\/v2\/media\/6018"}],"wp:attachment":[{"href":"https:\/\/zonafrancabarranquilla.com\/en\/wp-json\/wp\/v2\/media?parent=6017"}],"wp:term":[{"taxonomy":"category","embeddable":true,"href":"https:\/\/zonafrancabarranquilla.com\/en\/wp-json\/wp\/v2\/categories?post=6017"},{"taxonomy":"post_tag","embeddable":true,"href":"https:\/\/zonafrancabarranquilla.com\/en\/wp-json\/wp\/v2\/tags?post=6017"}],"curies":[{"name":"wp","href":"https:\/\/api.w.org\/{rel}","templated":true}]}}