{"id":11288,"date":"2025-10-16T08:40:42","date_gmt":"2025-10-16T13:40:42","guid":{"rendered":"https:\/\/zonafrancabarranquilla.com\/?p=11288"},"modified":"2025-10-16T08:46:32","modified_gmt":"2025-10-16T13:46:32","slug":"la-participacion-de-zona-franca-barranquilla-en-la-mision-cali-medellin-con-probarranquilla","status":"publish","type":"post","link":"https:\/\/zonafrancabarranquilla.com\/en\/la-participacion-de-zona-franca-barranquilla-en-la-mision-cali-medellin-con-probarranquilla\/","title":{"rendered":"La participaci\u00f3n de Zona Franca Barranquilla en la Misi\u00f3n Cali-Medell\u00edn con ProBarranquilla"},"content":{"rendered":"<p>El crecimiento econ\u00f3mico del Caribe colombiano se impulsa desde la cooperaci\u00f3n, la innovaci\u00f3n y la apertura de nuevos mercados. En ese contexto, la participaci\u00f3n de<strong> Barranquilla free trade zone<\/strong> en la <strong>Misi\u00f3n Cali-Medell\u00edn<\/strong>, organizada por ProBarranquilla, se convirti\u00f3 en un escenario clave para fortalecer las relaciones con los principales actores empresariales e institucionales del pa\u00eds.<\/p>\n<p>Esta misi\u00f3n empresarial reuni\u00f3 a compa\u00f1\u00edas, agencias de promoci\u00f3n y l\u00edderes de diferentes sectores con el prop\u00f3sito de <strong>promover la internacionalizaci\u00f3n<\/strong>, atraer inversi\u00f3n y consolidar alianzas que fortalezcan el desarrollo del Caribe colombiano.<\/p>\n<p>Durante el encuentro, Zona Franca Barranquilla comparti\u00f3 su experiencia como <strong>modelo de \u00e9xito en competitividad, sostenibilidad y gesti\u00f3n empresarial<\/strong>, posicion\u00e1ndose como una plataforma ideal para las empresas que buscan expandirse hacia mercados internacionales.<\/p>\n<h3>Internacionalizaci\u00f3n que genera impacto<\/h3>\n<p>En un entorno global donde la productividad y la innovaci\u00f3n son claves, las zonas francas se han consolidado como espacios estrat\u00e9gicos para la internacionalizaci\u00f3n de la industria colombiana.<\/p>\n<p>Desde su origen, el r\u00e9gimen franco ha permitido que m\u00e1s empresas accedan a beneficios tributarios y aduaneros que facilitan la exportaci\u00f3n, fortaleciendo su posici\u00f3n en la cadena global de valor.<\/p>\n<p>La participaci\u00f3n en la Misi\u00f3n Cali-Medell\u00edn permiti\u00f3 a Zona Franca Barranquilla conectar con nuevos socios y explorar oportunidades de expansi\u00f3n conjunta en sectores como la agroindustria, manufactura, tecnolog\u00eda y log\u00edstica.<\/p>\n<p>Estos encuentros son vitales para<strong> tejer redes de cooperaci\u00f3n<\/strong>, compartir buenas pr\u00e1cticas y proyectar al Caribe como un territorio competitivo, confiable y abierto a la inversi\u00f3n.<\/p>\n<p>Adem\u00e1s, la interacci\u00f3n con empresarios y l\u00edderes institucionales de Cali y Medell\u00edn reafirm\u00f3 la importancia de promover el <strong>trabajo colaborativo entre regiones<\/strong>: unir el dinamismo industrial del Valle y Antioquia con la conectividad y ventajas log\u00edsticas del<\/p>\n<h3>Atl\u00e1ntico abre nuevas rutas de crecimiento para el pa\u00eds.<\/h3>\n<p>Las alianzas empresariales son la base de la sostenibilidad y la expansi\u00f3n internacional.<\/p>\n<p>Durante la misi\u00f3n, se fortalecieron v\u00ednculos con organizaciones que buscan establecer sinergias productivas, proyectos de innovaci\u00f3n y cadenas de suministro integradas, aprovechando las ventajas competitivas del r\u00e9gimen franco.<\/p>\n<p>Zona Franca Barranquilla destac\u00f3 su papel como hub log\u00edstico e industrial del Caribe colombiano, con infraestructura moderna, servicios integrados y beneficios que permiten a las empresas operar con eficiencia y proyecci\u00f3n global.<\/p>\n<p>Estas caracter\u00edsticas la convierten en una opci\u00f3n atractiva para <strong>inversionistas nacionales y extranjeros<\/strong> que buscan una plataforma s\u00f3lida para producir, transformar y exportar desde Colombia hacia el mundo.<\/p>\n<h3>Caribe colombiano, una regi\u00f3n que se conecta al mundo<\/h3>\n<p>La Misi\u00f3n Cali-Medell\u00edn fue mucho m\u00e1s que un encuentro empresarial: fue una oportunidad para construir alianzas, compartir visiones y proyectar al Caribe colombiano como motor del desarrollo nacional.<\/p>\n<p>La participaci\u00f3n de <strong>Barranquilla free trade zone<\/strong> reafirma su compromiso con la internacionalizaci\u00f3n, la innovaci\u00f3n y la generaci\u00f3n de oportunidades para las empresas que conf\u00edan en su ecosistema.<\/p>\n<p>En un mundo donde la colaboraci\u00f3n y la conectividad son esenciales, las zonas francas se consolidan como puntos de encuentro entre la inversi\u00f3n, la competitividad y el progreso.<\/p>\n<p>Desde Barranquilla, seguimos impulsando una visi\u00f3n de futuro en la que el crecimiento regional y la apertura global van de la mano.<\/p>\n<h3>Zona Franca Barranquilla: conectando el Caribe con las oportunidades del mundo.<\/h3>","protected":false},"excerpt":{"rendered":"<p>El crecimiento econ\u00f3mico del Caribe colombiano se impulsa desde la cooperaci\u00f3n, la innovaci\u00f3n y la apertura de nuevos mercados. En ese contexto, la participaci\u00f3n de Zona Franca Barranquilla en la Misi\u00f3n Cali-Medell\u00edn, organizada por ProBarranquilla, se convirti\u00f3 en un escenario clave para fortalecer las relaciones con los principales actores empresariales e institucionales del pa\u00eds. Esta &#8230; <a title=\"La participaci\u00f3n de Zona Franca Barranquilla en la Misi\u00f3n Cali-Medell\u00edn con ProBarranquilla\" class=\"read-more\" href=\"https:\/\/zonafrancabarranquilla.com\/en\/la-participacion-de-zona-franca-barranquilla-en-la-mision-cali-medellin-con-probarranquilla\/\" aria-label=\"Read more about La participaci\u00f3n de Zona Franca Barranquilla en la Misi\u00f3n Cali-Medell\u00edn con ProBarranquilla\">Read more<\/a><\/p>","protected":false},"author":1,"featured_media":2484,"comment_status":"closed","ping_status":"closed","sticky":false,"template":"","format":"standard","meta":{"_acf_changed":false,"footnotes":""},"categories":[2],"tags":[62,64,61,63],"class_list":["post-11288","post","type-post","status-publish","format-standard","has-post-thumbnail","hentry","category-blog","tag-alianzas-estrategicas-comercio-exterior","tag-competitividad-caribe-colombiano","tag-internacionalizacion-zonas-francas","tag-mision-empresarial-colombia"],"acf":[],"yoast_head":"<!-- This site is optimized with the Yoast SEO plugin v27.4 - https:\/\/yoast.com\/product\/yoast-seo-wordpress\/ -->\n<title>La participaci\u00f3n de Zona Franca Barranquilla en la Misi\u00f3n Cali-Medell\u00edn con ProBarranquilla - Zona Franca de Barranquilla<\/title>\n<meta name=\"description\" content=\"La participaci\u00f3n de Zona Franca Barranquilla en la Misi\u00f3n Cali-Medell\u00edn, organizada por ProBarranquilla, fortaleci\u00f3 la internacionalizaci\u00f3n y las alianzas estrat\u00e9gicas que impulsan la competitividad y el desarrollo del Caribe colombiano.\" \/>\n<meta name=\"robots\" content=\"index, follow, max-snippet:-1, max-image-preview:large, max-video-preview:-1\" \/>\n<link rel=\"canonical\" href=\"https:\/\/zonafrancabarranquilla.com\/en\/la-participacion-de-zona-franca-barranquilla-en-la-mision-cali-medellin-con-probarranquilla\/\" \/>\n<meta property=\"og:locale\" content=\"en_US\" \/>\n<meta property=\"og:type\" content=\"article\" \/>\n<meta property=\"og:title\" content=\"La participaci\u00f3n de Zona Franca Barranquilla en la Misi\u00f3n Cali-Medell\u00edn con ProBarranquilla - Zona Franca de Barranquilla\" \/>\n<meta property=\"og:description\" content=\"La participaci\u00f3n de Zona Franca Barranquilla en la Misi\u00f3n Cali-Medell\u00edn, organizada por ProBarranquilla, fortaleci\u00f3 la internacionalizaci\u00f3n y las alianzas estrat\u00e9gicas que impulsan la competitividad y el desarrollo del Caribe colombiano.\" \/>\n<meta property=\"og:url\" content=\"https:\/\/zonafrancabarranquilla.com\/en\/la-participacion-de-zona-franca-barranquilla-en-la-mision-cali-medellin-con-probarranquilla\/\" \/>\n<meta property=\"og:site_name\" content=\"Zona Franca de Barranquilla\" \/>\n<meta property=\"article:published_time\" content=\"2025-10-16T13:40:42+00:00\" \/>\n<meta property=\"article:modified_time\" content=\"2025-10-16T13:46:32+00:00\" \/>\n<meta property=\"og:image\" content=\"https:\/\/zonafrancabarranquilla.com\/wp-content\/uploads\/2021\/04\/porque-invertir-en-zofia.jpg\" \/>\n\t<meta property=\"og:image:width\" content=\"1100\" \/>\n\t<meta property=\"og:image:height\" content=\"766\" \/>\n\t<meta property=\"og:image:type\" content=\"image\/jpeg\" \/>\n<meta name=\"author\" content=\"bmoreno\" \/>\n<meta name=\"twitter:card\" content=\"summary_large_image\" \/>\n<meta name=\"twitter:label1\" content=\"Written by\" \/>\n\t<meta name=\"twitter:data1\" content=\"bmoreno\" \/>\n\t<meta name=\"twitter:label2\" content=\"Est. reading time\" \/>\n\t<meta name=\"twitter:data2\" content=\"3 minutes\" \/>\n<script type=\"application\/ld+json\" class=\"yoast-schema-graph\">{\"@context\":\"https:\\\/\\\/schema.org\",\"@graph\":[{\"@type\":\"Article\",\"@id\":\"https:\\\/\\\/zonafrancabarranquilla.com\\\/la-participacion-de-zona-franca-barranquilla-en-la-mision-cali-medellin-con-probarranquilla\\\/#article\",\"isPartOf\":{\"@id\":\"https:\\\/\\\/zonafrancabarranquilla.com\\\/la-participacion-de-zona-franca-barranquilla-en-la-mision-cali-medellin-con-probarranquilla\\\/\"},\"author\":{\"name\":\"bmoreno\",\"@id\":\"https:\\\/\\\/zonafrancabarranquilla.com\\\/#\\\/schema\\\/person\\\/32396a7b301500e7e97c4193ec2e86bc\"},\"headline\":\"La participaci\u00f3n de Zona Franca Barranquilla en la Misi\u00f3n Cali-Medell\u00edn con ProBarranquilla\",\"datePublished\":\"2025-10-16T13:40:42+00:00\",\"dateModified\":\"2025-10-16T13:46:32+00:00\",\"mainEntityOfPage\":{\"@id\":\"https:\\\/\\\/zonafrancabarranquilla.com\\\/la-participacion-de-zona-franca-barranquilla-en-la-mision-cali-medellin-con-probarranquilla\\\/\"},\"wordCount\":587,\"publisher\":{\"@id\":\"https:\\\/\\\/zonafrancabarranquilla.com\\\/#organization\"},\"image\":{\"@id\":\"https:\\\/\\\/zonafrancabarranquilla.com\\\/la-participacion-de-zona-franca-barranquilla-en-la-mision-cali-medellin-con-probarranquilla\\\/#primaryimage\"},\"thumbnailUrl\":\"https:\\\/\\\/zonafrancabarranquilla.com\\\/wp-content\\\/uploads\\\/2021\\\/04\\\/porque-invertir-en-zofia.jpg\",\"keywords\":[\"alianzas estrat\u00e9gicas comercio exterior\",\"competitividad Caribe colombiano\",\"internacionalizaci\u00f3n zonas francas\",\"misi\u00f3n empresarial Colombia\"],\"articleSection\":[\"Blog\"],\"inLanguage\":\"en-US\"},{\"@type\":\"WebPage\",\"@id\":\"https:\\\/\\\/zonafrancabarranquilla.com\\\/la-participacion-de-zona-franca-barranquilla-en-la-mision-cali-medellin-con-probarranquilla\\\/\",\"url\":\"https:\\\/\\\/zonafrancabarranquilla.com\\\/la-participacion-de-zona-franca-barranquilla-en-la-mision-cali-medellin-con-probarranquilla\\\/\",\"name\":\"La participaci\u00f3n de Zona Franca Barranquilla en la Misi\u00f3n Cali-Medell\u00edn con ProBarranquilla - Zona Franca de Barranquilla\",\"isPartOf\":{\"@id\":\"https:\\\/\\\/zonafrancabarranquilla.com\\\/#website\"},\"primaryImageOfPage\":{\"@id\":\"https:\\\/\\\/zonafrancabarranquilla.com\\\/la-participacion-de-zona-franca-barranquilla-en-la-mision-cali-medellin-con-probarranquilla\\\/#primaryimage\"},\"image\":{\"@id\":\"https:\\\/\\\/zonafrancabarranquilla.com\\\/la-participacion-de-zona-franca-barranquilla-en-la-mision-cali-medellin-con-probarranquilla\\\/#primaryimage\"},\"thumbnailUrl\":\"https:\\\/\\\/zonafrancabarranquilla.com\\\/wp-content\\\/uploads\\\/2021\\\/04\\\/porque-invertir-en-zofia.jpg\",\"datePublished\":\"2025-10-16T13:40:42+00:00\",\"dateModified\":\"2025-10-16T13:46:32+00:00\",\"description\":\"La participaci\u00f3n de Zona Franca Barranquilla en la Misi\u00f3n Cali-Medell\u00edn, organizada por ProBarranquilla, fortaleci\u00f3 la internacionalizaci\u00f3n y las alianzas estrat\u00e9gicas que impulsan la competitividad y el desarrollo del Caribe colombiano.\",\"breadcrumb\":{\"@id\":\"https:\\\/\\\/zonafrancabarranquilla.com\\\/la-participacion-de-zona-franca-barranquilla-en-la-mision-cali-medellin-con-probarranquilla\\\/#breadcrumb\"},\"inLanguage\":\"en-US\",\"potentialAction\":[{\"@type\":\"ReadAction\",\"target\":[\"https:\\\/\\\/zonafrancabarranquilla.com\\\/la-participacion-de-zona-franca-barranquilla-en-la-mision-cali-medellin-con-probarranquilla\\\/\"]}]},{\"@type\":\"ImageObject\",\"inLanguage\":\"en-US\",\"@id\":\"https:\\\/\\\/zonafrancabarranquilla.com\\\/la-participacion-de-zona-franca-barranquilla-en-la-mision-cali-medellin-con-probarranquilla\\\/#primaryimage\",\"url\":\"https:\\\/\\\/zonafrancabarranquilla.com\\\/wp-content\\\/uploads\\\/2021\\\/04\\\/porque-invertir-en-zofia.jpg\",\"contentUrl\":\"https:\\\/\\\/zonafrancabarranquilla.com\\\/wp-content\\\/uploads\\\/2021\\\/04\\\/porque-invertir-en-zofia.jpg\",\"width\":1100,\"height\":766},{\"@type\":\"BreadcrumbList\",\"@id\":\"https:\\\/\\\/zonafrancabarranquilla.com\\\/la-participacion-de-zona-franca-barranquilla-en-la-mision-cali-medellin-con-probarranquilla\\\/#breadcrumb\",\"itemListElement\":[{\"@type\":\"ListItem\",\"position\":1,\"name\":\"Portada\",\"item\":\"https:\\\/\\\/zonafrancabarranquilla.com\\\/\"},{\"@type\":\"ListItem\",\"position\":2,\"name\":\"La participaci\u00f3n de Zona Franca Barranquilla en la Misi\u00f3n Cali-Medell\u00edn con ProBarranquilla\"}]},{\"@type\":\"WebSite\",\"@id\":\"https:\\\/\\\/zonafrancabarranquilla.com\\\/#website\",\"url\":\"https:\\\/\\\/zonafrancabarranquilla.com\\\/\",\"name\":\"Zona Franca de Barranquilla\",\"description\":\"La Zona Franca de Barranquilla\",\"publisher\":{\"@id\":\"https:\\\/\\\/zonafrancabarranquilla.com\\\/#organization\"},\"potentialAction\":[{\"@type\":\"SearchAction\",\"target\":{\"@type\":\"EntryPoint\",\"urlTemplate\":\"https:\\\/\\\/zonafrancabarranquilla.com\\\/?s={search_term_string}\"},\"query-input\":{\"@type\":\"PropertyValueSpecification\",\"valueRequired\":true,\"valueName\":\"search_term_string\"}}],\"inLanguage\":\"en-US\"},{\"@type\":\"Organization\",\"@id\":\"https:\\\/\\\/zonafrancabarranquilla.com\\\/#organization\",\"name\":\"Zona Franca de Barranquilla\",\"url\":\"https:\\\/\\\/zonafrancabarranquilla.com\\\/\",\"logo\":{\"@type\":\"ImageObject\",\"inLanguage\":\"en-US\",\"@id\":\"https:\\\/\\\/zonafrancabarranquilla.com\\\/#\\\/schema\\\/logo\\\/image\\\/\",\"url\":\"https:\\\/\\\/zonafrancabarranquilla.com\\\/wp-content\\\/uploads\\\/2021\\\/03\\\/globologo-50.jpg\",\"contentUrl\":\"https:\\\/\\\/zonafrancabarranquilla.com\\\/wp-content\\\/uploads\\\/2021\\\/03\\\/globologo-50.jpg\",\"width\":604,\"height\":630,\"caption\":\"Zona Franca de Barranquilla\"},\"image\":{\"@id\":\"https:\\\/\\\/zonafrancabarranquilla.com\\\/#\\\/schema\\\/logo\\\/image\\\/\"}},{\"@type\":\"Person\",\"@id\":\"https:\\\/\\\/zonafrancabarranquilla.com\\\/#\\\/schema\\\/person\\\/32396a7b301500e7e97c4193ec2e86bc\",\"name\":\"bmoreno\",\"image\":{\"@type\":\"ImageObject\",\"inLanguage\":\"en-US\",\"@id\":\"https:\\\/\\\/secure.gravatar.com\\\/avatar\\\/c30e2aa8fae60edcac91b7683df54f7ef8aa077bb6611baee6b47ada73e19e90?s=96&d=mm&r=g\",\"url\":\"https:\\\/\\\/secure.gravatar.com\\\/avatar\\\/c30e2aa8fae60edcac91b7683df54f7ef8aa077bb6611baee6b47ada73e19e90?s=96&d=mm&r=g\",\"contentUrl\":\"https:\\\/\\\/secure.gravatar.com\\\/avatar\\\/c30e2aa8fae60edcac91b7683df54f7ef8aa077bb6611baee6b47ada73e19e90?s=96&d=mm&r=g\",\"caption\":\"bmoreno\"},\"sameAs\":[\"https:\\\/\\\/zonafrancabarranquilla.com\"],\"url\":\"https:\\\/\\\/zonafrancabarranquilla.com\\\/en\\\/author\\\/bmoreno\\\/\"}]}<\/script>\n<!-- \/ Yoast SEO plugin. -->","yoast_head_json":{"title":"La participaci\u00f3n de Zona Franca Barranquilla en la Misi\u00f3n Cali-Medell\u00edn con ProBarranquilla - Zona Franca de Barranquilla","description":"La participaci\u00f3n de Zona Franca Barranquilla en la Misi\u00f3n Cali-Medell\u00edn, organizada por ProBarranquilla, fortaleci\u00f3 la internacionalizaci\u00f3n y las alianzas estrat\u00e9gicas que impulsan la competitividad y el desarrollo del Caribe colombiano.","robots":{"index":"index","follow":"follow","max-snippet":"max-snippet:-1","max-image-preview":"max-image-preview:large","max-video-preview":"max-video-preview:-1"},"canonical":"https:\/\/zonafrancabarranquilla.com\/en\/la-participacion-de-zona-franca-barranquilla-en-la-mision-cali-medellin-con-probarranquilla\/","og_locale":"en_US","og_type":"article","og_title":"La participaci\u00f3n de Zona Franca Barranquilla en la Misi\u00f3n Cali-Medell\u00edn con ProBarranquilla - Zona Franca de Barranquilla","og_description":"La participaci\u00f3n de Zona Franca Barranquilla en la Misi\u00f3n Cali-Medell\u00edn, organizada por ProBarranquilla, fortaleci\u00f3 la internacionalizaci\u00f3n y las alianzas estrat\u00e9gicas que impulsan la competitividad y el desarrollo del Caribe colombiano.","og_url":"https:\/\/zonafrancabarranquilla.com\/en\/la-participacion-de-zona-franca-barranquilla-en-la-mision-cali-medellin-con-probarranquilla\/","og_site_name":"Zona Franca de Barranquilla","article_published_time":"2025-10-16T13:40:42+00:00","article_modified_time":"2025-10-16T13:46:32+00:00","og_image":[{"width":1100,"height":766,"url":"https:\/\/zonafrancabarranquilla.com\/wp-content\/uploads\/2021\/04\/porque-invertir-en-zofia.jpg","type":"image\/jpeg"}],"author":"bmoreno","twitter_card":"summary_large_image","twitter_misc":{"Written by":"bmoreno","Est. reading time":"3 minutes"},"schema":{"@context":"https:\/\/schema.org","@graph":[{"@type":"Article","@id":"https:\/\/zonafrancabarranquilla.com\/la-participacion-de-zona-franca-barranquilla-en-la-mision-cali-medellin-con-probarranquilla\/#article","isPartOf":{"@id":"https:\/\/zonafrancabarranquilla.com\/la-participacion-de-zona-franca-barranquilla-en-la-mision-cali-medellin-con-probarranquilla\/"},"author":{"name":"bmoreno","@id":"https:\/\/zonafrancabarranquilla.com\/#\/schema\/person\/32396a7b301500e7e97c4193ec2e86bc"},"headline":"La participaci\u00f3n de Zona Franca Barranquilla en la Misi\u00f3n Cali-Medell\u00edn con ProBarranquilla","datePublished":"2025-10-16T13:40:42+00:00","dateModified":"2025-10-16T13:46:32+00:00","mainEntityOfPage":{"@id":"https:\/\/zonafrancabarranquilla.com\/la-participacion-de-zona-franca-barranquilla-en-la-mision-cali-medellin-con-probarranquilla\/"},"wordCount":587,"publisher":{"@id":"https:\/\/zonafrancabarranquilla.com\/#organization"},"image":{"@id":"https:\/\/zonafrancabarranquilla.com\/la-participacion-de-zona-franca-barranquilla-en-la-mision-cali-medellin-con-probarranquilla\/#primaryimage"},"thumbnailUrl":"https:\/\/zonafrancabarranquilla.com\/wp-content\/uploads\/2021\/04\/porque-invertir-en-zofia.jpg","keywords":["alianzas estrat\u00e9gicas comercio exterior","competitividad Caribe colombiano","internacionalizaci\u00f3n zonas francas","misi\u00f3n empresarial Colombia"],"articleSection":["Blog"],"inLanguage":"en-US"},{"@type":"WebPage","@id":"https:\/\/zonafrancabarranquilla.com\/la-participacion-de-zona-franca-barranquilla-en-la-mision-cali-medellin-con-probarranquilla\/","url":"https:\/\/zonafrancabarranquilla.com\/la-participacion-de-zona-franca-barranquilla-en-la-mision-cali-medellin-con-probarranquilla\/","name":"La participaci\u00f3n de Zona Franca Barranquilla en la Misi\u00f3n Cali-Medell\u00edn con ProBarranquilla - Zona Franca de Barranquilla","isPartOf":{"@id":"https:\/\/zonafrancabarranquilla.com\/#website"},"primaryImageOfPage":{"@id":"https:\/\/zonafrancabarranquilla.com\/la-participacion-de-zona-franca-barranquilla-en-la-mision-cali-medellin-con-probarranquilla\/#primaryimage"},"image":{"@id":"https:\/\/zonafrancabarranquilla.com\/la-participacion-de-zona-franca-barranquilla-en-la-mision-cali-medellin-con-probarranquilla\/#primaryimage"},"thumbnailUrl":"https:\/\/zonafrancabarranquilla.com\/wp-content\/uploads\/2021\/04\/porque-invertir-en-zofia.jpg","datePublished":"2025-10-16T13:40:42+00:00","dateModified":"2025-10-16T13:46:32+00:00","description":"La participaci\u00f3n de Zona Franca Barranquilla en la Misi\u00f3n Cali-Medell\u00edn, organizada por ProBarranquilla, fortaleci\u00f3 la internacionalizaci\u00f3n y las alianzas estrat\u00e9gicas que impulsan la competitividad y el desarrollo del Caribe colombiano.","breadcrumb":{"@id":"https:\/\/zonafrancabarranquilla.com\/la-participacion-de-zona-franca-barranquilla-en-la-mision-cali-medellin-con-probarranquilla\/#breadcrumb"},"inLanguage":"en-US","potentialAction":[{"@type":"ReadAction","target":["https:\/\/zonafrancabarranquilla.com\/la-participacion-de-zona-franca-barranquilla-en-la-mision-cali-medellin-con-probarranquilla\/"]}]},{"@type":"ImageObject","inLanguage":"en-US","@id":"https:\/\/zonafrancabarranquilla.com\/la-participacion-de-zona-franca-barranquilla-en-la-mision-cali-medellin-con-probarranquilla\/#primaryimage","url":"https:\/\/zonafrancabarranquilla.com\/wp-content\/uploads\/2021\/04\/porque-invertir-en-zofia.jpg","contentUrl":"https:\/\/zonafrancabarranquilla.com\/wp-content\/uploads\/2021\/04\/porque-invertir-en-zofia.jpg","width":1100,"height":766},{"@type":"BreadcrumbList","@id":"https:\/\/zonafrancabarranquilla.com\/la-participacion-de-zona-franca-barranquilla-en-la-mision-cali-medellin-con-probarranquilla\/#breadcrumb","itemListElement":[{"@type":"ListItem","position":1,"name":"Portada","item":"https:\/\/zonafrancabarranquilla.com\/"},{"@type":"ListItem","position":2,"name":"La participaci\u00f3n de Zona Franca Barranquilla en la Misi\u00f3n Cali-Medell\u00edn con ProBarranquilla"}]},{"@type":"WebSite","@id":"https:\/\/zonafrancabarranquilla.com\/#website","url":"https:\/\/zonafrancabarranquilla.com\/","name":"Barranquilla Free Trade Zone","description":"La Zona Franca de Barranquilla","publisher":{"@id":"https:\/\/zonafrancabarranquilla.com\/#organization"},"potentialAction":[{"@type":"SearchAction","target":{"@type":"EntryPoint","urlTemplate":"https:\/\/zonafrancabarranquilla.com\/?s={search_term_string}"},"query-input":{"@type":"PropertyValueSpecification","valueRequired":true,"valueName":"search_term_string"}}],"inLanguage":"en-US"},{"@type":"Organization","@id":"https:\/\/zonafrancabarranquilla.com\/#organization","name":"Barranquilla Free Trade Zone","url":"https:\/\/zonafrancabarranquilla.com\/","logo":{"@type":"ImageObject","inLanguage":"en-US","@id":"https:\/\/zonafrancabarranquilla.com\/#\/schema\/logo\/image\/","url":"https:\/\/zonafrancabarranquilla.com\/wp-content\/uploads\/2021\/03\/globologo-50.jpg","contentUrl":"https:\/\/zonafrancabarranquilla.com\/wp-content\/uploads\/2021\/03\/globologo-50.jpg","width":604,"height":630,"caption":"Zona Franca de Barranquilla"},"image":{"@id":"https:\/\/zonafrancabarranquilla.com\/#\/schema\/logo\/image\/"}},{"@type":"Person","@id":"https:\/\/zonafrancabarranquilla.com\/#\/schema\/person\/32396a7b301500e7e97c4193ec2e86bc","name":"bmoreno","image":{"@type":"ImageObject","inLanguage":"en-US","@id":"https:\/\/secure.gravatar.com\/avatar\/c30e2aa8fae60edcac91b7683df54f7ef8aa077bb6611baee6b47ada73e19e90?s=96&d=mm&r=g","url":"https:\/\/secure.gravatar.com\/avatar\/c30e2aa8fae60edcac91b7683df54f7ef8aa077bb6611baee6b47ada73e19e90?s=96&d=mm&r=g","contentUrl":"https:\/\/secure.gravatar.com\/avatar\/c30e2aa8fae60edcac91b7683df54f7ef8aa077bb6611baee6b47ada73e19e90?s=96&d=mm&r=g","caption":"bmoreno"},"sameAs":["https:\/\/zonafrancabarranquilla.com"],"url":"https:\/\/zonafrancabarranquilla.com\/en\/author\/bmoreno\/"}]}},"_links":{"self":[{"href":"https:\/\/zonafrancabarranquilla.com\/en\/wp-json\/wp\/v2\/posts\/11288","targetHints":{"allow":["GET"]}}],"collection":[{"href":"https:\/\/zonafrancabarranquilla.com\/en\/wp-json\/wp\/v2\/posts"}],"about":[{"href":"https:\/\/zonafrancabarranquilla.com\/en\/wp-json\/wp\/v2\/types\/post"}],"author":[{"embeddable":true,"href":"https:\/\/zonafrancabarranquilla.com\/en\/wp-json\/wp\/v2\/users\/1"}],"replies":[{"embeddable":true,"href":"https:\/\/zonafrancabarranquilla.com\/en\/wp-json\/wp\/v2\/comments?post=11288"}],"version-history":[{"count":1,"href":"https:\/\/zonafrancabarranquilla.com\/en\/wp-json\/wp\/v2\/posts\/11288\/revisions"}],"predecessor-version":[{"id":11293,"href":"https:\/\/zonafrancabarranquilla.com\/en\/wp-json\/wp\/v2\/posts\/11288\/revisions\/11293"}],"wp:featuredmedia":[{"embeddable":true,"href":"https:\/\/zonafrancabarranquilla.com\/en\/wp-json\/wp\/v2\/media\/2484"}],"wp:attachment":[{"href":"https:\/\/zonafrancabarranquilla.com\/en\/wp-json\/wp\/v2\/media?parent=11288"}],"wp:term":[{"taxonomy":"category","embeddable":true,"href":"https:\/\/zonafrancabarranquilla.com\/en\/wp-json\/wp\/v2\/categories?post=11288"},{"taxonomy":"post_tag","embeddable":true,"href":"https:\/\/zonafrancabarranquilla.com\/en\/wp-json\/wp\/v2\/tags?post=11288"}],"curies":[{"name":"wp","href":"https:\/\/api.w.org\/{rel}","templated":true}]}}