{"id":11280,"date":"2025-10-16T08:29:30","date_gmt":"2025-10-16T13:29:30","guid":{"rendered":"https:\/\/zonafrancabarranquilla.com\/?p=11280"},"modified":"2025-10-16T08:50:13","modified_gmt":"2025-10-16T13:50:13","slug":"el-director-nacional-de-la-dian-y-autoridades-aduaneras-analizan-retos-y-oportunidades-de-las-zonas-francas-en-colombia","status":"publish","type":"post","link":"https:\/\/zonafrancabarranquilla.com\/en\/el-director-nacional-de-la-dian-y-autoridades-aduaneras-analizan-retos-y-oportunidades-de-las-zonas-francas-en-colombia\/","title":{"rendered":"El director nacional de la DIAN y autoridades aduaneras analizan retos y oportunidades de las zonas francas en Colombia"},"content":{"rendered":"<h3>Un encuentro clave para la competitividad del pa\u00eds<\/h3>\n<p>La <strong>Barranquilla free trade zone<\/strong> fue escenario de una visita institucional de alto nivel encabezada por <strong>Luis Eduardo Llin\u00e1s<\/strong>, director nacional de la <strong>DIAN<\/strong>, acompa\u00f1ado por <strong>Irma Luz Mar\u00edn<\/strong> y <strong>Jacinta Cera<\/strong>, l\u00edderes en la gesti\u00f3n aduanera del pa\u00eds.<br \/>\nEste encuentro se convirti\u00f3 en un espacio de di\u00e1logo estrat\u00e9gico en el que se abordaron los principales retos y oportunidades del r\u00e9gimen franco en Colombia, con un enfoque en la <strong>eficiencia operativa<\/strong>, la simplificaci\u00f3n de procesos y la <strong>atracci\u00f3n de inversi\u00f3n extranjera<\/strong>.<\/p>\n<blockquote><p>Durante la jornada, se compartieron visiones orientadas a robustecer la competitividad y garantizar un entorno m\u00e1s \u00e1gil y transparente para las empresas que operan bajo este modelo, reafirmando el compromiso de la DIAN con la modernizaci\u00f3n y fortalecimiento del comercio exterior colombiano.<\/p><\/blockquote>\n<h3>Una agenda de cooperaci\u00f3n para la gesti\u00f3n aduanera<\/h3>\n<p>El r\u00e9gimen de zonas francas en Colombia ha sido un aliado estrat\u00e9gico para la <strong>industrializaci\u00f3n, exportaci\u00f3n e internacionalizaci\u00f3n<\/strong> del pa\u00eds. Sin embargo, su crecimiento demanda tambi\u00e9n la actualizaci\u00f3n constante de los procesos aduaneros, garantizando tanto el control eficiente como la competitividad empresarial.<\/p>\n<p>En ese contexto, la visita de la DIAN permiti\u00f3 analizar las mejores pr\u00e1cticas para <strong>optimizar la gesti\u00f3n aduanera<\/strong>, promover la <strong>digitalizaci\u00f3n de tr\u00e1mites,<\/strong> reducir los tiempos de respuesta y reforzar la comunicaci\u00f3n entre las autoridades y las empresas usuarias.<\/p>\n<p>El di\u00e1logo se centr\u00f3 en la b\u00fasqueda de un <strong>modelo de gesti\u00f3n colaborativo<\/strong>, que facilite la operaci\u00f3n de las zonas francas sin perder el rigor y la trazabilidad que exige la ley.<\/p>\n<p>Los representantes de la DIAN destacaron el papel de Zona Franca Barranquilla como ejemplo de cumplimiento, innovaci\u00f3n y articulaci\u00f3n interinstitucional, valorando su aporte al crecimiento econ\u00f3mico regional y nacional.<\/p>\n<h3>Zonas francas: una oportunidad para fortalecer el comercio exterior<\/h3>\n<p>Colombia ha consolidado a sus zonas francas como nodos estrat\u00e9gicos para la atracci\u00f3n de inversi\u00f3n extranjera directa, la generaci\u00f3n de empleo y el impulso a la exportaci\u00f3n de bienes y servicios con alto valor agregado.<\/p>\n<p>Visitas como esta demuestran que el trabajo conjunto entre las <strong>autoridades aduaneras<\/strong> y el <strong>sector empresarial<\/strong> es esencial para mantener un entorno competitivo frente a los mercados internacionales.<\/p>\n<p>El <strong>r\u00e9gimen franco<\/strong> no solo ofrece beneficios fiscales y aduaneros; tambi\u00e9n constituye un ecosistema donde la innovaci\u00f3n, la sostenibilidad y la confianza institucional se traducen en desarrollo econ\u00f3mico.<\/p>\n<p>Optimizar sus procesos es fundamental para seguir atrayendo inversiones, especialmente en regiones que hoy lideran la expansi\u00f3n industrial del pa\u00eds, como el Caribe colombiano.<\/p>\n<h3>Fortaleciendo la confianza institucional y la competitividad<\/h3>\n<p>El encuentro entre la DIAN y Zona Franca Barranquilla representa un paso m\u00e1s hacia una <strong>Colombia m\u00e1s competitiva<\/strong>, <strong>eficiente y abierta al comercio global<\/strong>.<\/p>\n<p>A trav\u00e9s del di\u00e1logo y la cooperaci\u00f3n, se construyen soluciones conjuntas que benefician a las empresas, fortalecen la econom\u00eda y posicionan a las zonas francas como protagonistas de la transformaci\u00f3n productiva del pa\u00eds.<\/p>\n<p>Zona Franca Barranquilla reafirma su compromiso con la transparencia, la eficiencia y el desarrollo sostenible, trabajando de la mano con las autoridades para seguir siendo un motor de progreso regional y nacional.<\/p>\n<p>Zona Franca Barranquilla como epicentro de competitividad e internacionalizaci\u00f3n.<\/p>","protected":false},"excerpt":{"rendered":"<p>Un encuentro clave para la competitividad del pa\u00eds La Zona Franca Barranquilla fue escenario de una visita institucional de alto nivel encabezada por Luis Eduardo Llin\u00e1s, director nacional de la DIAN, acompa\u00f1ado por Irma Luz Mar\u00edn y Jacinta Cera, l\u00edderes en la gesti\u00f3n aduanera del pa\u00eds. Este encuentro se convirti\u00f3 en un espacio de di\u00e1logo &#8230; <a title=\"El director nacional de la DIAN y autoridades aduaneras analizan retos y oportunidades de las zonas francas en Colombia\" class=\"read-more\" href=\"https:\/\/zonafrancabarranquilla.com\/en\/el-director-nacional-de-la-dian-y-autoridades-aduaneras-analizan-retos-y-oportunidades-de-las-zonas-francas-en-colombia\/\" aria-label=\"Read more about El director nacional de la DIAN y autoridades aduaneras analizan retos y oportunidades de las zonas francas en Colombia\">Read more<\/a><\/p>","protected":false},"author":1,"featured_media":11282,"comment_status":"closed","ping_status":"closed","sticky":false,"template":"","format":"standard","meta":{"_acf_changed":false,"footnotes":""},"categories":[2],"tags":[],"class_list":["post-11280","post","type-post","status-publish","format-standard","has-post-thumbnail","hentry","category-blog"],"acf":[],"yoast_head":"<!-- This site is optimized with the Yoast SEO plugin v27.4 - https:\/\/yoast.com\/product\/yoast-seo-wordpress\/ -->\n<title>El director nacional de la DIAN y autoridades aduaneras analizan retos y oportunidades de las zonas francas en Colombia - Zona Franca de Barranquilla<\/title>\n<meta name=\"description\" content=\"La visita del director nacional de la DIAN, Luis Eduardo Llin\u00e1s, junto a autoridades aduaneras a la Zona Franca Barranquilla, fortaleci\u00f3 la visi\u00f3n estrat\u00e9gica para optimizar procesos, impulsar la competitividad y consolidar el papel de las zonas francas como motor econ\u00f3mico regional.\" \/>\n<meta name=\"robots\" content=\"index, follow, max-snippet:-1, max-image-preview:large, max-video-preview:-1\" \/>\n<link rel=\"canonical\" href=\"https:\/\/zonafrancabarranquilla.com\/en\/el-director-nacional-de-la-dian-y-autoridades-aduaneras-analizan-retos-y-oportunidades-de-las-zonas-francas-en-colombia\/\" \/>\n<meta property=\"og:locale\" content=\"en_US\" \/>\n<meta property=\"og:type\" content=\"article\" \/>\n<meta property=\"og:title\" content=\"El director nacional de la DIAN y autoridades aduaneras analizan retos y oportunidades de las zonas francas en Colombia - Zona Franca de Barranquilla\" \/>\n<meta property=\"og:description\" content=\"La visita del director nacional de la DIAN, Luis Eduardo Llin\u00e1s, junto a autoridades aduaneras a la Zona Franca Barranquilla, fortaleci\u00f3 la visi\u00f3n estrat\u00e9gica para optimizar procesos, impulsar la competitividad y consolidar el papel de las zonas francas como motor econ\u00f3mico regional.\" \/>\n<meta property=\"og:url\" content=\"https:\/\/zonafrancabarranquilla.com\/en\/el-director-nacional-de-la-dian-y-autoridades-aduaneras-analizan-retos-y-oportunidades-de-las-zonas-francas-en-colombia\/\" \/>\n<meta property=\"og:site_name\" content=\"Zona Franca de Barranquilla\" \/>\n<meta property=\"article:published_time\" content=\"2025-10-16T13:29:30+00:00\" \/>\n<meta property=\"article:modified_time\" content=\"2025-10-16T13:50:13+00:00\" \/>\n<meta property=\"og:image\" content=\"https:\/\/zonafrancabarranquilla.com\/wp-content\/uploads\/2025\/10\/director-dian.jpg\" \/>\n\t<meta property=\"og:image:width\" content=\"931\" \/>\n\t<meta property=\"og:image:height\" content=\"517\" \/>\n\t<meta property=\"og:image:type\" content=\"image\/jpeg\" \/>\n<meta name=\"author\" content=\"bmoreno\" \/>\n<meta name=\"twitter:card\" content=\"summary_large_image\" \/>\n<meta name=\"twitter:label1\" content=\"Written by\" \/>\n\t<meta name=\"twitter:data1\" content=\"bmoreno\" \/>\n\t<meta name=\"twitter:label2\" content=\"Est. reading time\" \/>\n\t<meta name=\"twitter:data2\" content=\"3 minutes\" \/>\n<script type=\"application\/ld+json\" class=\"yoast-schema-graph\">{\"@context\":\"https:\\\/\\\/schema.org\",\"@graph\":[{\"@type\":\"Article\",\"@id\":\"https:\\\/\\\/zonafrancabarranquilla.com\\\/el-director-nacional-de-la-dian-y-autoridades-aduaneras-analizan-retos-y-oportunidades-de-las-zonas-francas-en-colombia\\\/#article\",\"isPartOf\":{\"@id\":\"https:\\\/\\\/zonafrancabarranquilla.com\\\/el-director-nacional-de-la-dian-y-autoridades-aduaneras-analizan-retos-y-oportunidades-de-las-zonas-francas-en-colombia\\\/\"},\"author\":{\"name\":\"bmoreno\",\"@id\":\"https:\\\/\\\/zonafrancabarranquilla.com\\\/#\\\/schema\\\/person\\\/32396a7b301500e7e97c4193ec2e86bc\"},\"headline\":\"El director nacional de la DIAN y autoridades aduaneras analizan retos y oportunidades de las zonas francas en Colombia\",\"datePublished\":\"2025-10-16T13:29:30+00:00\",\"dateModified\":\"2025-10-16T13:50:13+00:00\",\"mainEntityOfPage\":{\"@id\":\"https:\\\/\\\/zonafrancabarranquilla.com\\\/el-director-nacional-de-la-dian-y-autoridades-aduaneras-analizan-retos-y-oportunidades-de-las-zonas-francas-en-colombia\\\/\"},\"wordCount\":585,\"publisher\":{\"@id\":\"https:\\\/\\\/zonafrancabarranquilla.com\\\/#organization\"},\"image\":{\"@id\":\"https:\\\/\\\/zonafrancabarranquilla.com\\\/el-director-nacional-de-la-dian-y-autoridades-aduaneras-analizan-retos-y-oportunidades-de-las-zonas-francas-en-colombia\\\/#primaryimage\"},\"thumbnailUrl\":\"https:\\\/\\\/zonafrancabarranquilla.com\\\/wp-content\\\/uploads\\\/2025\\\/10\\\/director-dian.jpg\",\"articleSection\":[\"Blog\"],\"inLanguage\":\"en-US\"},{\"@type\":\"WebPage\",\"@id\":\"https:\\\/\\\/zonafrancabarranquilla.com\\\/el-director-nacional-de-la-dian-y-autoridades-aduaneras-analizan-retos-y-oportunidades-de-las-zonas-francas-en-colombia\\\/\",\"url\":\"https:\\\/\\\/zonafrancabarranquilla.com\\\/el-director-nacional-de-la-dian-y-autoridades-aduaneras-analizan-retos-y-oportunidades-de-las-zonas-francas-en-colombia\\\/\",\"name\":\"El director nacional de la DIAN y autoridades aduaneras analizan retos y oportunidades de las zonas francas en Colombia - Zona Franca de Barranquilla\",\"isPartOf\":{\"@id\":\"https:\\\/\\\/zonafrancabarranquilla.com\\\/#website\"},\"primaryImageOfPage\":{\"@id\":\"https:\\\/\\\/zonafrancabarranquilla.com\\\/el-director-nacional-de-la-dian-y-autoridades-aduaneras-analizan-retos-y-oportunidades-de-las-zonas-francas-en-colombia\\\/#primaryimage\"},\"image\":{\"@id\":\"https:\\\/\\\/zonafrancabarranquilla.com\\\/el-director-nacional-de-la-dian-y-autoridades-aduaneras-analizan-retos-y-oportunidades-de-las-zonas-francas-en-colombia\\\/#primaryimage\"},\"thumbnailUrl\":\"https:\\\/\\\/zonafrancabarranquilla.com\\\/wp-content\\\/uploads\\\/2025\\\/10\\\/director-dian.jpg\",\"datePublished\":\"2025-10-16T13:29:30+00:00\",\"dateModified\":\"2025-10-16T13:50:13+00:00\",\"description\":\"La visita del director nacional de la DIAN, Luis Eduardo Llin\u00e1s, junto a autoridades aduaneras a la Zona Franca Barranquilla, fortaleci\u00f3 la visi\u00f3n estrat\u00e9gica para optimizar procesos, impulsar la competitividad y consolidar el papel de las zonas francas como motor econ\u00f3mico regional.\",\"breadcrumb\":{\"@id\":\"https:\\\/\\\/zonafrancabarranquilla.com\\\/el-director-nacional-de-la-dian-y-autoridades-aduaneras-analizan-retos-y-oportunidades-de-las-zonas-francas-en-colombia\\\/#breadcrumb\"},\"inLanguage\":\"en-US\",\"potentialAction\":[{\"@type\":\"ReadAction\",\"target\":[\"https:\\\/\\\/zonafrancabarranquilla.com\\\/el-director-nacional-de-la-dian-y-autoridades-aduaneras-analizan-retos-y-oportunidades-de-las-zonas-francas-en-colombia\\\/\"]}]},{\"@type\":\"ImageObject\",\"inLanguage\":\"en-US\",\"@id\":\"https:\\\/\\\/zonafrancabarranquilla.com\\\/el-director-nacional-de-la-dian-y-autoridades-aduaneras-analizan-retos-y-oportunidades-de-las-zonas-francas-en-colombia\\\/#primaryimage\",\"url\":\"https:\\\/\\\/zonafrancabarranquilla.com\\\/wp-content\\\/uploads\\\/2025\\\/10\\\/director-dian.jpg\",\"contentUrl\":\"https:\\\/\\\/zonafrancabarranquilla.com\\\/wp-content\\\/uploads\\\/2025\\\/10\\\/director-dian.jpg\",\"width\":931,\"height\":517},{\"@type\":\"BreadcrumbList\",\"@id\":\"https:\\\/\\\/zonafrancabarranquilla.com\\\/el-director-nacional-de-la-dian-y-autoridades-aduaneras-analizan-retos-y-oportunidades-de-las-zonas-francas-en-colombia\\\/#breadcrumb\",\"itemListElement\":[{\"@type\":\"ListItem\",\"position\":1,\"name\":\"Portada\",\"item\":\"https:\\\/\\\/zonafrancabarranquilla.com\\\/\"},{\"@type\":\"ListItem\",\"position\":2,\"name\":\"El director nacional de la DIAN y autoridades aduaneras analizan retos y oportunidades de las zonas francas en Colombia\"}]},{\"@type\":\"WebSite\",\"@id\":\"https:\\\/\\\/zonafrancabarranquilla.com\\\/#website\",\"url\":\"https:\\\/\\\/zonafrancabarranquilla.com\\\/\",\"name\":\"Zona Franca de Barranquilla\",\"description\":\"La Zona Franca de Barranquilla\",\"publisher\":{\"@id\":\"https:\\\/\\\/zonafrancabarranquilla.com\\\/#organization\"},\"potentialAction\":[{\"@type\":\"SearchAction\",\"target\":{\"@type\":\"EntryPoint\",\"urlTemplate\":\"https:\\\/\\\/zonafrancabarranquilla.com\\\/?s={search_term_string}\"},\"query-input\":{\"@type\":\"PropertyValueSpecification\",\"valueRequired\":true,\"valueName\":\"search_term_string\"}}],\"inLanguage\":\"en-US\"},{\"@type\":\"Organization\",\"@id\":\"https:\\\/\\\/zonafrancabarranquilla.com\\\/#organization\",\"name\":\"Zona Franca de Barranquilla\",\"url\":\"https:\\\/\\\/zonafrancabarranquilla.com\\\/\",\"logo\":{\"@type\":\"ImageObject\",\"inLanguage\":\"en-US\",\"@id\":\"https:\\\/\\\/zonafrancabarranquilla.com\\\/#\\\/schema\\\/logo\\\/image\\\/\",\"url\":\"https:\\\/\\\/zonafrancabarranquilla.com\\\/wp-content\\\/uploads\\\/2021\\\/03\\\/globologo-50.jpg\",\"contentUrl\":\"https:\\\/\\\/zonafrancabarranquilla.com\\\/wp-content\\\/uploads\\\/2021\\\/03\\\/globologo-50.jpg\",\"width\":604,\"height\":630,\"caption\":\"Zona Franca de Barranquilla\"},\"image\":{\"@id\":\"https:\\\/\\\/zonafrancabarranquilla.com\\\/#\\\/schema\\\/logo\\\/image\\\/\"}},{\"@type\":\"Person\",\"@id\":\"https:\\\/\\\/zonafrancabarranquilla.com\\\/#\\\/schema\\\/person\\\/32396a7b301500e7e97c4193ec2e86bc\",\"name\":\"bmoreno\",\"image\":{\"@type\":\"ImageObject\",\"inLanguage\":\"en-US\",\"@id\":\"https:\\\/\\\/secure.gravatar.com\\\/avatar\\\/c30e2aa8fae60edcac91b7683df54f7ef8aa077bb6611baee6b47ada73e19e90?s=96&d=mm&r=g\",\"url\":\"https:\\\/\\\/secure.gravatar.com\\\/avatar\\\/c30e2aa8fae60edcac91b7683df54f7ef8aa077bb6611baee6b47ada73e19e90?s=96&d=mm&r=g\",\"contentUrl\":\"https:\\\/\\\/secure.gravatar.com\\\/avatar\\\/c30e2aa8fae60edcac91b7683df54f7ef8aa077bb6611baee6b47ada73e19e90?s=96&d=mm&r=g\",\"caption\":\"bmoreno\"},\"sameAs\":[\"https:\\\/\\\/zonafrancabarranquilla.com\"],\"url\":\"https:\\\/\\\/zonafrancabarranquilla.com\\\/en\\\/author\\\/bmoreno\\\/\"}]}<\/script>\n<!-- \/ Yoast SEO plugin. -->","yoast_head_json":{"title":"El director nacional de la DIAN y autoridades aduaneras analizan retos y oportunidades de las zonas francas en Colombia - Zona Franca de Barranquilla","description":"La visita del director nacional de la DIAN, Luis Eduardo Llin\u00e1s, junto a autoridades aduaneras a la Zona Franca Barranquilla, fortaleci\u00f3 la visi\u00f3n estrat\u00e9gica para optimizar procesos, impulsar la competitividad y consolidar el papel de las zonas francas como motor econ\u00f3mico regional.","robots":{"index":"index","follow":"follow","max-snippet":"max-snippet:-1","max-image-preview":"max-image-preview:large","max-video-preview":"max-video-preview:-1"},"canonical":"https:\/\/zonafrancabarranquilla.com\/en\/el-director-nacional-de-la-dian-y-autoridades-aduaneras-analizan-retos-y-oportunidades-de-las-zonas-francas-en-colombia\/","og_locale":"en_US","og_type":"article","og_title":"El director nacional de la DIAN y autoridades aduaneras analizan retos y oportunidades de las zonas francas en Colombia - Zona Franca de Barranquilla","og_description":"La visita del director nacional de la DIAN, Luis Eduardo Llin\u00e1s, junto a autoridades aduaneras a la Zona Franca Barranquilla, fortaleci\u00f3 la visi\u00f3n estrat\u00e9gica para optimizar procesos, impulsar la competitividad y consolidar el papel de las zonas francas como motor econ\u00f3mico regional.","og_url":"https:\/\/zonafrancabarranquilla.com\/en\/el-director-nacional-de-la-dian-y-autoridades-aduaneras-analizan-retos-y-oportunidades-de-las-zonas-francas-en-colombia\/","og_site_name":"Zona Franca de Barranquilla","article_published_time":"2025-10-16T13:29:30+00:00","article_modified_time":"2025-10-16T13:50:13+00:00","og_image":[{"width":931,"height":517,"url":"https:\/\/zonafrancabarranquilla.com\/wp-content\/uploads\/2025\/10\/director-dian.jpg","type":"image\/jpeg"}],"author":"bmoreno","twitter_card":"summary_large_image","twitter_misc":{"Written by":"bmoreno","Est. reading time":"3 minutes"},"schema":{"@context":"https:\/\/schema.org","@graph":[{"@type":"Article","@id":"https:\/\/zonafrancabarranquilla.com\/el-director-nacional-de-la-dian-y-autoridades-aduaneras-analizan-retos-y-oportunidades-de-las-zonas-francas-en-colombia\/#article","isPartOf":{"@id":"https:\/\/zonafrancabarranquilla.com\/el-director-nacional-de-la-dian-y-autoridades-aduaneras-analizan-retos-y-oportunidades-de-las-zonas-francas-en-colombia\/"},"author":{"name":"bmoreno","@id":"https:\/\/zonafrancabarranquilla.com\/#\/schema\/person\/32396a7b301500e7e97c4193ec2e86bc"},"headline":"El director nacional de la DIAN y autoridades aduaneras analizan retos y oportunidades de las zonas francas en Colombia","datePublished":"2025-10-16T13:29:30+00:00","dateModified":"2025-10-16T13:50:13+00:00","mainEntityOfPage":{"@id":"https:\/\/zonafrancabarranquilla.com\/el-director-nacional-de-la-dian-y-autoridades-aduaneras-analizan-retos-y-oportunidades-de-las-zonas-francas-en-colombia\/"},"wordCount":585,"publisher":{"@id":"https:\/\/zonafrancabarranquilla.com\/#organization"},"image":{"@id":"https:\/\/zonafrancabarranquilla.com\/el-director-nacional-de-la-dian-y-autoridades-aduaneras-analizan-retos-y-oportunidades-de-las-zonas-francas-en-colombia\/#primaryimage"},"thumbnailUrl":"https:\/\/zonafrancabarranquilla.com\/wp-content\/uploads\/2025\/10\/director-dian.jpg","articleSection":["Blog"],"inLanguage":"en-US"},{"@type":"WebPage","@id":"https:\/\/zonafrancabarranquilla.com\/el-director-nacional-de-la-dian-y-autoridades-aduaneras-analizan-retos-y-oportunidades-de-las-zonas-francas-en-colombia\/","url":"https:\/\/zonafrancabarranquilla.com\/el-director-nacional-de-la-dian-y-autoridades-aduaneras-analizan-retos-y-oportunidades-de-las-zonas-francas-en-colombia\/","name":"El director nacional de la DIAN y autoridades aduaneras analizan retos y oportunidades de las zonas francas en Colombia - Zona Franca de Barranquilla","isPartOf":{"@id":"https:\/\/zonafrancabarranquilla.com\/#website"},"primaryImageOfPage":{"@id":"https:\/\/zonafrancabarranquilla.com\/el-director-nacional-de-la-dian-y-autoridades-aduaneras-analizan-retos-y-oportunidades-de-las-zonas-francas-en-colombia\/#primaryimage"},"image":{"@id":"https:\/\/zonafrancabarranquilla.com\/el-director-nacional-de-la-dian-y-autoridades-aduaneras-analizan-retos-y-oportunidades-de-las-zonas-francas-en-colombia\/#primaryimage"},"thumbnailUrl":"https:\/\/zonafrancabarranquilla.com\/wp-content\/uploads\/2025\/10\/director-dian.jpg","datePublished":"2025-10-16T13:29:30+00:00","dateModified":"2025-10-16T13:50:13+00:00","description":"La visita del director nacional de la DIAN, Luis Eduardo Llin\u00e1s, junto a autoridades aduaneras a la Zona Franca Barranquilla, fortaleci\u00f3 la visi\u00f3n estrat\u00e9gica para optimizar procesos, impulsar la competitividad y consolidar el papel de las zonas francas como motor econ\u00f3mico regional.","breadcrumb":{"@id":"https:\/\/zonafrancabarranquilla.com\/el-director-nacional-de-la-dian-y-autoridades-aduaneras-analizan-retos-y-oportunidades-de-las-zonas-francas-en-colombia\/#breadcrumb"},"inLanguage":"en-US","potentialAction":[{"@type":"ReadAction","target":["https:\/\/zonafrancabarranquilla.com\/el-director-nacional-de-la-dian-y-autoridades-aduaneras-analizan-retos-y-oportunidades-de-las-zonas-francas-en-colombia\/"]}]},{"@type":"ImageObject","inLanguage":"en-US","@id":"https:\/\/zonafrancabarranquilla.com\/el-director-nacional-de-la-dian-y-autoridades-aduaneras-analizan-retos-y-oportunidades-de-las-zonas-francas-en-colombia\/#primaryimage","url":"https:\/\/zonafrancabarranquilla.com\/wp-content\/uploads\/2025\/10\/director-dian.jpg","contentUrl":"https:\/\/zonafrancabarranquilla.com\/wp-content\/uploads\/2025\/10\/director-dian.jpg","width":931,"height":517},{"@type":"BreadcrumbList","@id":"https:\/\/zonafrancabarranquilla.com\/el-director-nacional-de-la-dian-y-autoridades-aduaneras-analizan-retos-y-oportunidades-de-las-zonas-francas-en-colombia\/#breadcrumb","itemListElement":[{"@type":"ListItem","position":1,"name":"Portada","item":"https:\/\/zonafrancabarranquilla.com\/"},{"@type":"ListItem","position":2,"name":"El director nacional de la DIAN y autoridades aduaneras analizan retos y oportunidades de las zonas francas en Colombia"}]},{"@type":"WebSite","@id":"https:\/\/zonafrancabarranquilla.com\/#website","url":"https:\/\/zonafrancabarranquilla.com\/","name":"Barranquilla Free Trade Zone","description":"La Zona Franca de Barranquilla","publisher":{"@id":"https:\/\/zonafrancabarranquilla.com\/#organization"},"potentialAction":[{"@type":"SearchAction","target":{"@type":"EntryPoint","urlTemplate":"https:\/\/zonafrancabarranquilla.com\/?s={search_term_string}"},"query-input":{"@type":"PropertyValueSpecification","valueRequired":true,"valueName":"search_term_string"}}],"inLanguage":"en-US"},{"@type":"Organization","@id":"https:\/\/zonafrancabarranquilla.com\/#organization","name":"Barranquilla Free Trade Zone","url":"https:\/\/zonafrancabarranquilla.com\/","logo":{"@type":"ImageObject","inLanguage":"en-US","@id":"https:\/\/zonafrancabarranquilla.com\/#\/schema\/logo\/image\/","url":"https:\/\/zonafrancabarranquilla.com\/wp-content\/uploads\/2021\/03\/globologo-50.jpg","contentUrl":"https:\/\/zonafrancabarranquilla.com\/wp-content\/uploads\/2021\/03\/globologo-50.jpg","width":604,"height":630,"caption":"Zona Franca de Barranquilla"},"image":{"@id":"https:\/\/zonafrancabarranquilla.com\/#\/schema\/logo\/image\/"}},{"@type":"Person","@id":"https:\/\/zonafrancabarranquilla.com\/#\/schema\/person\/32396a7b301500e7e97c4193ec2e86bc","name":"bmoreno","image":{"@type":"ImageObject","inLanguage":"en-US","@id":"https:\/\/secure.gravatar.com\/avatar\/c30e2aa8fae60edcac91b7683df54f7ef8aa077bb6611baee6b47ada73e19e90?s=96&d=mm&r=g","url":"https:\/\/secure.gravatar.com\/avatar\/c30e2aa8fae60edcac91b7683df54f7ef8aa077bb6611baee6b47ada73e19e90?s=96&d=mm&r=g","contentUrl":"https:\/\/secure.gravatar.com\/avatar\/c30e2aa8fae60edcac91b7683df54f7ef8aa077bb6611baee6b47ada73e19e90?s=96&d=mm&r=g","caption":"bmoreno"},"sameAs":["https:\/\/zonafrancabarranquilla.com"],"url":"https:\/\/zonafrancabarranquilla.com\/en\/author\/bmoreno\/"}]}},"_links":{"self":[{"href":"https:\/\/zonafrancabarranquilla.com\/en\/wp-json\/wp\/v2\/posts\/11280","targetHints":{"allow":["GET"]}}],"collection":[{"href":"https:\/\/zonafrancabarranquilla.com\/en\/wp-json\/wp\/v2\/posts"}],"about":[{"href":"https:\/\/zonafrancabarranquilla.com\/en\/wp-json\/wp\/v2\/types\/post"}],"author":[{"embeddable":true,"href":"https:\/\/zonafrancabarranquilla.com\/en\/wp-json\/wp\/v2\/users\/1"}],"replies":[{"embeddable":true,"href":"https:\/\/zonafrancabarranquilla.com\/en\/wp-json\/wp\/v2\/comments?post=11280"}],"version-history":[{"count":1,"href":"https:\/\/zonafrancabarranquilla.com\/en\/wp-json\/wp\/v2\/posts\/11280\/revisions"}],"predecessor-version":[{"id":11298,"href":"https:\/\/zonafrancabarranquilla.com\/en\/wp-json\/wp\/v2\/posts\/11280\/revisions\/11298"}],"wp:featuredmedia":[{"embeddable":true,"href":"https:\/\/zonafrancabarranquilla.com\/en\/wp-json\/wp\/v2\/media\/11282"}],"wp:attachment":[{"href":"https:\/\/zonafrancabarranquilla.com\/en\/wp-json\/wp\/v2\/media?parent=11280"}],"wp:term":[{"taxonomy":"category","embeddable":true,"href":"https:\/\/zonafrancabarranquilla.com\/en\/wp-json\/wp\/v2\/categories?post=11280"},{"taxonomy":"post_tag","embeddable":true,"href":"https:\/\/zonafrancabarranquilla.com\/en\/wp-json\/wp\/v2\/tags?post=11280"}],"curies":[{"name":"wp","href":"https:\/\/api.w.org\/{rel}","templated":true}]}}