{"id":11275,"date":"2025-10-16T08:18:54","date_gmt":"2025-10-16T13:18:54","guid":{"rendered":"https:\/\/zonafrancabarranquilla.com\/?p=11275"},"modified":"2025-10-16T08:53:22","modified_gmt":"2025-10-16T13:53:22","slug":"hito-industrial-la-inauguracion-de-adama-andina-en-zona-franca-barranquilla-impulsa-la-competitividad-e-innovacion-en-colombia","status":"publish","type":"post","link":"https:\/\/zonafrancabarranquilla.com\/en\/hito-industrial-la-inauguracion-de-adama-andina-en-zona-franca-barranquilla-impulsa-la-competitividad-e-innovacion-en-colombia\/","title":{"rendered":"Hito industrial: la inauguraci\u00f3n de ADAMA Andina en Zona Franca Barranquilla impulsa la competitividad e innovaci\u00f3n en Colombia"},"content":{"rendered":"<h3>Un hito que marca el crecimiento industrial del Caribe<\/h3>\n<p>La Zona Franca Barranquilla se consolida como un epicentro de crecimiento, innovaci\u00f3n y oportunidades para Colombia. Con la inauguraci\u00f3n de <strong>ADAMA Andina<\/strong>, la nueva planta de formulaci\u00f3n y empaque del grupo ADAMA \u2014l\u00edder mundial en soluciones agr\u00edcolas\u2014, se da inicio a una nueva etapa que fortalece la competitividad industrial del pa\u00eds y posiciona a la regi\u00f3n Caribe como una zona estrat\u00e9gica para la inversi\u00f3n.<\/p>\n<p>La ceremonia de apertura fue presidida por <strong>Gal Benizri<\/strong>, l\u00edder global de formulaci\u00f3n y empaque de ADAMA, quien destac\u00f3 la importancia de esta planta como motor de desarrollo regional. Su visi\u00f3n de innovaci\u00f3n y sostenibilidad se refleja en una operaci\u00f3n que integra tecnolog\u00eda de punta, procesos eficientes y compromiso con el entorno.<\/p>\n<h3>Innovaci\u00f3n, talento y sostenibilidad: los pilares del nuevo ecosistema industrial<\/h3>\n<p>La llegada de ADAMA Andina no solo representa una inversi\u00f3n significativa en infraestructura y tecnolog\u00eda; tambi\u00e9n simboliza la confianza de empresas internacionales en el modelo de <strong>zonas francas en Colombia<\/strong>, un r\u00e9gimen que ofrece beneficios fiscales, aduaneros y log\u00edsticos que incentivan la productividad y la exportaci\u00f3n.<\/p>\n<p>Desde Zona Franca Barranquilla, esta planta potenciar\u00e1 la generaci\u00f3n de empleo de calidad, la transferencia de conocimiento y la conexi\u00f3n de la regi\u00f3n con los mercados globales. Su enfoque en la <strong>formulaci\u00f3n avanzada de productos agr\u00edcolas<\/strong> contribuir\u00e1 a mejorar la eficiencia del sector agroindustrial colombiano, impulsando la innovaci\u00f3n y la sostenibilidad.<\/p>\n<p>Adem\u00e1s, la ubicaci\u00f3n estrat\u00e9gica de Barranquilla \u2014con su cercan\u00eda a puertos, carreteras y centros de distribuci\u00f3n\u2014 refuerza la competitividad log\u00edstica, permitiendo que las operaciones de ADAMA Andina sean m\u00e1s \u00e1giles, rentables y sostenibles.<\/p>\n<h3>Zona Franca Barranquilla: motor del desarrollo local y nacional<\/h3>\n<p>La inauguraci\u00f3n de ADAMA Andina confirma el papel protag\u00f3nico de la <strong>Barranquilla free trade zone<\/strong> como eje de crecimiento para el pa\u00eds. Este hito industrial evidencia c\u00f3mo la articulaci\u00f3n entre el sector p\u00fablico, la empresa privada y los incentivos del r\u00e9gimen franco se traduce en inversi\u00f3n, desarrollo y progreso.<br \/>\nHoy, m\u00e1s de 100 empresas operan bajo este modelo en la zona, benefici\u00e1ndose de exenciones tributarias, agilidad aduanera y un entorno dise\u00f1ado para la expansi\u00f3n. Cada nueva compa\u00f1\u00eda que se instala genera un efecto multiplicador: impulsa proveedores locales, dinamiza la cadena log\u00edstica y proyecta a Barranquilla como destino atractivo para la inversi\u00f3n nacional e internacional.<\/p>\n<h3>Una visi\u00f3n de futuro compartida<\/h3>\n<p>La inauguraci\u00f3n de ADAMA Andina en Zona Franca Barranquilla no es solo una buena noticia para el sector industrial: es una muestra tangible de c\u00f3mo la cooperaci\u00f3n y la visi\u00f3n estrat\u00e9gica pueden transformar regiones enteras.<br \/>\nEste proyecto abre nuevas oportunidades para empresas, emprendedores y comunidades que ven en las zonas francas un camino hacia la innovaci\u00f3n, el crecimiento sostenible y la internacionalizaci\u00f3n.<\/p>\n<p><strong>Zona Franca Barranquilla: donde la industria del futuro ya es una realidad.<\/strong><\/p>","protected":false},"excerpt":{"rendered":"<p>Un hito que marca el crecimiento industrial del Caribe La Zona Franca Barranquilla se consolida como un epicentro de crecimiento, innovaci\u00f3n y oportunidades para Colombia. Con la inauguraci\u00f3n de ADAMA Andina, la nueva planta de formulaci\u00f3n y empaque del grupo ADAMA \u2014l\u00edder mundial en soluciones agr\u00edcolas\u2014, se da inicio a una nueva etapa que fortalece &#8230; <a title=\"Hito industrial: la inauguraci\u00f3n de ADAMA Andina en Zona Franca Barranquilla impulsa la competitividad e innovaci\u00f3n en Colombia\" class=\"read-more\" href=\"https:\/\/zonafrancabarranquilla.com\/en\/hito-industrial-la-inauguracion-de-adama-andina-en-zona-franca-barranquilla-impulsa-la-competitividad-e-innovacion-en-colombia\/\" aria-label=\"Read more about Hito industrial: la inauguraci\u00f3n de ADAMA Andina en Zona Franca Barranquilla impulsa la competitividad e innovaci\u00f3n en Colombia\">Read more<\/a><\/p>","protected":false},"author":1,"featured_media":4668,"comment_status":"closed","ping_status":"closed","sticky":false,"template":"","format":"standard","meta":{"_acf_changed":false,"footnotes":""},"categories":[2],"tags":[58,60,59,57],"class_list":["post-11275","post","type-post","status-publish","format-standard","has-post-thumbnail","hentry","category-blog","tag-beneficios-zonas-francas","tag-competitividad-industrial-barranquilla","tag-industria-en-zonas-francas","tag-zona-franca-colombia"],"acf":[],"yoast_head":"<!-- This site is optimized with the Yoast SEO plugin v27.4 - https:\/\/yoast.com\/product\/yoast-seo-wordpress\/ -->\n<title>Hito industrial: la inauguraci\u00f3n de ADAMA Andina en Zona Franca Barranquilla impulsa la competitividad e innovaci\u00f3n en Colombia - Zona Franca de Barranquilla<\/title>\n<meta name=\"description\" content=\"La inauguraci\u00f3n de ADAMA Andina en Zona Franca Barranquilla marca un nuevo hito industrial que impulsa la competitividad, innovaci\u00f3n y desarrollo de la regi\u00f3n Caribe y de Colombia.\" \/>\n<meta name=\"robots\" content=\"index, follow, max-snippet:-1, max-image-preview:large, max-video-preview:-1\" \/>\n<link rel=\"canonical\" href=\"https:\/\/zonafrancabarranquilla.com\/en\/hito-industrial-la-inauguracion-de-adama-andina-en-zona-franca-barranquilla-impulsa-la-competitividad-e-innovacion-en-colombia\/\" \/>\n<meta property=\"og:locale\" content=\"en_US\" \/>\n<meta property=\"og:type\" content=\"article\" \/>\n<meta property=\"og:title\" content=\"Hito industrial: la inauguraci\u00f3n de ADAMA Andina en Zona Franca Barranquilla impulsa la competitividad e innovaci\u00f3n en Colombia - Zona Franca de Barranquilla\" \/>\n<meta property=\"og:description\" content=\"La inauguraci\u00f3n de ADAMA Andina en Zona Franca Barranquilla marca un nuevo hito industrial que impulsa la competitividad, innovaci\u00f3n y desarrollo de la regi\u00f3n Caribe y de Colombia.\" \/>\n<meta property=\"og:url\" content=\"https:\/\/zonafrancabarranquilla.com\/en\/hito-industrial-la-inauguracion-de-adama-andina-en-zona-franca-barranquilla-impulsa-la-competitividad-e-innovacion-en-colombia\/\" \/>\n<meta property=\"og:site_name\" content=\"Zona Franca de Barranquilla\" \/>\n<meta property=\"article:published_time\" content=\"2025-10-16T13:18:54+00:00\" \/>\n<meta property=\"article:modified_time\" content=\"2025-10-16T13:53:22+00:00\" \/>\n<meta property=\"og:image\" content=\"https:\/\/zonafrancabarranquilla.com\/wp-content\/uploads\/2021\/05\/fotos-de-nuestra-barranquilla4.jpg\" \/>\n\t<meta property=\"og:image:width\" content=\"500\" \/>\n\t<meta property=\"og:image:height\" content=\"346\" \/>\n\t<meta property=\"og:image:type\" content=\"image\/jpeg\" \/>\n<meta name=\"author\" content=\"bmoreno\" \/>\n<meta name=\"twitter:card\" content=\"summary_large_image\" \/>\n<meta name=\"twitter:label1\" content=\"Written by\" \/>\n\t<meta name=\"twitter:data1\" content=\"bmoreno\" \/>\n\t<meta name=\"twitter:label2\" content=\"Est. reading time\" \/>\n\t<meta name=\"twitter:data2\" content=\"3 minutes\" \/>\n<script type=\"application\/ld+json\" class=\"yoast-schema-graph\">{\"@context\":\"https:\\\/\\\/schema.org\",\"@graph\":[{\"@type\":\"Article\",\"@id\":\"https:\\\/\\\/zonafrancabarranquilla.com\\\/hito-industrial-la-inauguracion-de-adama-andina-en-zona-franca-barranquilla-impulsa-la-competitividad-e-innovacion-en-colombia\\\/#article\",\"isPartOf\":{\"@id\":\"https:\\\/\\\/zonafrancabarranquilla.com\\\/hito-industrial-la-inauguracion-de-adama-andina-en-zona-franca-barranquilla-impulsa-la-competitividad-e-innovacion-en-colombia\\\/\"},\"author\":{\"name\":\"bmoreno\",\"@id\":\"https:\\\/\\\/zonafrancabarranquilla.com\\\/#\\\/schema\\\/person\\\/32396a7b301500e7e97c4193ec2e86bc\"},\"headline\":\"Hito industrial: la inauguraci\u00f3n de ADAMA Andina en Zona Franca Barranquilla impulsa la competitividad e innovaci\u00f3n en Colombia\",\"datePublished\":\"2025-10-16T13:18:54+00:00\",\"dateModified\":\"2025-10-16T13:53:22+00:00\",\"mainEntityOfPage\":{\"@id\":\"https:\\\/\\\/zonafrancabarranquilla.com\\\/hito-industrial-la-inauguracion-de-adama-andina-en-zona-franca-barranquilla-impulsa-la-competitividad-e-innovacion-en-colombia\\\/\"},\"wordCount\":533,\"publisher\":{\"@id\":\"https:\\\/\\\/zonafrancabarranquilla.com\\\/#organization\"},\"image\":{\"@id\":\"https:\\\/\\\/zonafrancabarranquilla.com\\\/hito-industrial-la-inauguracion-de-adama-andina-en-zona-franca-barranquilla-impulsa-la-competitividad-e-innovacion-en-colombia\\\/#primaryimage\"},\"thumbnailUrl\":\"https:\\\/\\\/zonafrancabarranquilla.com\\\/wp-content\\\/uploads\\\/2021\\\/05\\\/fotos-de-nuestra-barranquilla4.jpg\",\"keywords\":[\"beneficios zonas francas\",\"competitividad industrial Barranquilla\",\"industria en zonas francas\",\"zona franca Colombia\"],\"articleSection\":[\"Blog\"],\"inLanguage\":\"en-US\"},{\"@type\":\"WebPage\",\"@id\":\"https:\\\/\\\/zonafrancabarranquilla.com\\\/hito-industrial-la-inauguracion-de-adama-andina-en-zona-franca-barranquilla-impulsa-la-competitividad-e-innovacion-en-colombia\\\/\",\"url\":\"https:\\\/\\\/zonafrancabarranquilla.com\\\/hito-industrial-la-inauguracion-de-adama-andina-en-zona-franca-barranquilla-impulsa-la-competitividad-e-innovacion-en-colombia\\\/\",\"name\":\"Hito industrial: la inauguraci\u00f3n de ADAMA Andina en Zona Franca Barranquilla impulsa la competitividad e innovaci\u00f3n en Colombia - Zona Franca de Barranquilla\",\"isPartOf\":{\"@id\":\"https:\\\/\\\/zonafrancabarranquilla.com\\\/#website\"},\"primaryImageOfPage\":{\"@id\":\"https:\\\/\\\/zonafrancabarranquilla.com\\\/hito-industrial-la-inauguracion-de-adama-andina-en-zona-franca-barranquilla-impulsa-la-competitividad-e-innovacion-en-colombia\\\/#primaryimage\"},\"image\":{\"@id\":\"https:\\\/\\\/zonafrancabarranquilla.com\\\/hito-industrial-la-inauguracion-de-adama-andina-en-zona-franca-barranquilla-impulsa-la-competitividad-e-innovacion-en-colombia\\\/#primaryimage\"},\"thumbnailUrl\":\"https:\\\/\\\/zonafrancabarranquilla.com\\\/wp-content\\\/uploads\\\/2021\\\/05\\\/fotos-de-nuestra-barranquilla4.jpg\",\"datePublished\":\"2025-10-16T13:18:54+00:00\",\"dateModified\":\"2025-10-16T13:53:22+00:00\",\"description\":\"La inauguraci\u00f3n de ADAMA Andina en Zona Franca Barranquilla marca un nuevo hito industrial que impulsa la competitividad, innovaci\u00f3n y desarrollo de la regi\u00f3n Caribe y de Colombia.\",\"breadcrumb\":{\"@id\":\"https:\\\/\\\/zonafrancabarranquilla.com\\\/hito-industrial-la-inauguracion-de-adama-andina-en-zona-franca-barranquilla-impulsa-la-competitividad-e-innovacion-en-colombia\\\/#breadcrumb\"},\"inLanguage\":\"en-US\",\"potentialAction\":[{\"@type\":\"ReadAction\",\"target\":[\"https:\\\/\\\/zonafrancabarranquilla.com\\\/hito-industrial-la-inauguracion-de-adama-andina-en-zona-franca-barranquilla-impulsa-la-competitividad-e-innovacion-en-colombia\\\/\"]}]},{\"@type\":\"ImageObject\",\"inLanguage\":\"en-US\",\"@id\":\"https:\\\/\\\/zonafrancabarranquilla.com\\\/hito-industrial-la-inauguracion-de-adama-andina-en-zona-franca-barranquilla-impulsa-la-competitividad-e-innovacion-en-colombia\\\/#primaryimage\",\"url\":\"https:\\\/\\\/zonafrancabarranquilla.com\\\/wp-content\\\/uploads\\\/2021\\\/05\\\/fotos-de-nuestra-barranquilla4.jpg\",\"contentUrl\":\"https:\\\/\\\/zonafrancabarranquilla.com\\\/wp-content\\\/uploads\\\/2021\\\/05\\\/fotos-de-nuestra-barranquilla4.jpg\",\"width\":500,\"height\":346},{\"@type\":\"BreadcrumbList\",\"@id\":\"https:\\\/\\\/zonafrancabarranquilla.com\\\/hito-industrial-la-inauguracion-de-adama-andina-en-zona-franca-barranquilla-impulsa-la-competitividad-e-innovacion-en-colombia\\\/#breadcrumb\",\"itemListElement\":[{\"@type\":\"ListItem\",\"position\":1,\"name\":\"Portada\",\"item\":\"https:\\\/\\\/zonafrancabarranquilla.com\\\/\"},{\"@type\":\"ListItem\",\"position\":2,\"name\":\"Hito industrial: la inauguraci\u00f3n de ADAMA Andina en Zona Franca Barranquilla impulsa la competitividad e innovaci\u00f3n en Colombia\"}]},{\"@type\":\"WebSite\",\"@id\":\"https:\\\/\\\/zonafrancabarranquilla.com\\\/#website\",\"url\":\"https:\\\/\\\/zonafrancabarranquilla.com\\\/\",\"name\":\"Zona Franca de Barranquilla\",\"description\":\"La Zona Franca de Barranquilla\",\"publisher\":{\"@id\":\"https:\\\/\\\/zonafrancabarranquilla.com\\\/#organization\"},\"potentialAction\":[{\"@type\":\"SearchAction\",\"target\":{\"@type\":\"EntryPoint\",\"urlTemplate\":\"https:\\\/\\\/zonafrancabarranquilla.com\\\/?s={search_term_string}\"},\"query-input\":{\"@type\":\"PropertyValueSpecification\",\"valueRequired\":true,\"valueName\":\"search_term_string\"}}],\"inLanguage\":\"en-US\"},{\"@type\":\"Organization\",\"@id\":\"https:\\\/\\\/zonafrancabarranquilla.com\\\/#organization\",\"name\":\"Zona Franca de Barranquilla\",\"url\":\"https:\\\/\\\/zonafrancabarranquilla.com\\\/\",\"logo\":{\"@type\":\"ImageObject\",\"inLanguage\":\"en-US\",\"@id\":\"https:\\\/\\\/zonafrancabarranquilla.com\\\/#\\\/schema\\\/logo\\\/image\\\/\",\"url\":\"https:\\\/\\\/zonafrancabarranquilla.com\\\/wp-content\\\/uploads\\\/2021\\\/03\\\/globologo-50.jpg\",\"contentUrl\":\"https:\\\/\\\/zonafrancabarranquilla.com\\\/wp-content\\\/uploads\\\/2021\\\/03\\\/globologo-50.jpg\",\"width\":604,\"height\":630,\"caption\":\"Zona Franca de Barranquilla\"},\"image\":{\"@id\":\"https:\\\/\\\/zonafrancabarranquilla.com\\\/#\\\/schema\\\/logo\\\/image\\\/\"}},{\"@type\":\"Person\",\"@id\":\"https:\\\/\\\/zonafrancabarranquilla.com\\\/#\\\/schema\\\/person\\\/32396a7b301500e7e97c4193ec2e86bc\",\"name\":\"bmoreno\",\"image\":{\"@type\":\"ImageObject\",\"inLanguage\":\"en-US\",\"@id\":\"https:\\\/\\\/secure.gravatar.com\\\/avatar\\\/c30e2aa8fae60edcac91b7683df54f7ef8aa077bb6611baee6b47ada73e19e90?s=96&d=mm&r=g\",\"url\":\"https:\\\/\\\/secure.gravatar.com\\\/avatar\\\/c30e2aa8fae60edcac91b7683df54f7ef8aa077bb6611baee6b47ada73e19e90?s=96&d=mm&r=g\",\"contentUrl\":\"https:\\\/\\\/secure.gravatar.com\\\/avatar\\\/c30e2aa8fae60edcac91b7683df54f7ef8aa077bb6611baee6b47ada73e19e90?s=96&d=mm&r=g\",\"caption\":\"bmoreno\"},\"sameAs\":[\"https:\\\/\\\/zonafrancabarranquilla.com\"],\"url\":\"https:\\\/\\\/zonafrancabarranquilla.com\\\/en\\\/author\\\/bmoreno\\\/\"}]}<\/script>\n<!-- \/ Yoast SEO plugin. -->","yoast_head_json":{"title":"Hito industrial: la inauguraci\u00f3n de ADAMA Andina en Zona Franca Barranquilla impulsa la competitividad e innovaci\u00f3n en Colombia - Zona Franca de Barranquilla","description":"La inauguraci\u00f3n de ADAMA Andina en Zona Franca Barranquilla marca un nuevo hito industrial que impulsa la competitividad, innovaci\u00f3n y desarrollo de la regi\u00f3n Caribe y de Colombia.","robots":{"index":"index","follow":"follow","max-snippet":"max-snippet:-1","max-image-preview":"max-image-preview:large","max-video-preview":"max-video-preview:-1"},"canonical":"https:\/\/zonafrancabarranquilla.com\/en\/hito-industrial-la-inauguracion-de-adama-andina-en-zona-franca-barranquilla-impulsa-la-competitividad-e-innovacion-en-colombia\/","og_locale":"en_US","og_type":"article","og_title":"Hito industrial: la inauguraci\u00f3n de ADAMA Andina en Zona Franca Barranquilla impulsa la competitividad e innovaci\u00f3n en Colombia - Zona Franca de Barranquilla","og_description":"La inauguraci\u00f3n de ADAMA Andina en Zona Franca Barranquilla marca un nuevo hito industrial que impulsa la competitividad, innovaci\u00f3n y desarrollo de la regi\u00f3n Caribe y de Colombia.","og_url":"https:\/\/zonafrancabarranquilla.com\/en\/hito-industrial-la-inauguracion-de-adama-andina-en-zona-franca-barranquilla-impulsa-la-competitividad-e-innovacion-en-colombia\/","og_site_name":"Zona Franca de Barranquilla","article_published_time":"2025-10-16T13:18:54+00:00","article_modified_time":"2025-10-16T13:53:22+00:00","og_image":[{"width":500,"height":346,"url":"https:\/\/zonafrancabarranquilla.com\/wp-content\/uploads\/2021\/05\/fotos-de-nuestra-barranquilla4.jpg","type":"image\/jpeg"}],"author":"bmoreno","twitter_card":"summary_large_image","twitter_misc":{"Written by":"bmoreno","Est. reading time":"3 minutes"},"schema":{"@context":"https:\/\/schema.org","@graph":[{"@type":"Article","@id":"https:\/\/zonafrancabarranquilla.com\/hito-industrial-la-inauguracion-de-adama-andina-en-zona-franca-barranquilla-impulsa-la-competitividad-e-innovacion-en-colombia\/#article","isPartOf":{"@id":"https:\/\/zonafrancabarranquilla.com\/hito-industrial-la-inauguracion-de-adama-andina-en-zona-franca-barranquilla-impulsa-la-competitividad-e-innovacion-en-colombia\/"},"author":{"name":"bmoreno","@id":"https:\/\/zonafrancabarranquilla.com\/#\/schema\/person\/32396a7b301500e7e97c4193ec2e86bc"},"headline":"Hito industrial: la inauguraci\u00f3n de ADAMA Andina en Zona Franca Barranquilla impulsa la competitividad e innovaci\u00f3n en Colombia","datePublished":"2025-10-16T13:18:54+00:00","dateModified":"2025-10-16T13:53:22+00:00","mainEntityOfPage":{"@id":"https:\/\/zonafrancabarranquilla.com\/hito-industrial-la-inauguracion-de-adama-andina-en-zona-franca-barranquilla-impulsa-la-competitividad-e-innovacion-en-colombia\/"},"wordCount":533,"publisher":{"@id":"https:\/\/zonafrancabarranquilla.com\/#organization"},"image":{"@id":"https:\/\/zonafrancabarranquilla.com\/hito-industrial-la-inauguracion-de-adama-andina-en-zona-franca-barranquilla-impulsa-la-competitividad-e-innovacion-en-colombia\/#primaryimage"},"thumbnailUrl":"https:\/\/zonafrancabarranquilla.com\/wp-content\/uploads\/2021\/05\/fotos-de-nuestra-barranquilla4.jpg","keywords":["beneficios zonas francas","competitividad industrial Barranquilla","industria en zonas francas","zona franca Colombia"],"articleSection":["Blog"],"inLanguage":"en-US"},{"@type":"WebPage","@id":"https:\/\/zonafrancabarranquilla.com\/hito-industrial-la-inauguracion-de-adama-andina-en-zona-franca-barranquilla-impulsa-la-competitividad-e-innovacion-en-colombia\/","url":"https:\/\/zonafrancabarranquilla.com\/hito-industrial-la-inauguracion-de-adama-andina-en-zona-franca-barranquilla-impulsa-la-competitividad-e-innovacion-en-colombia\/","name":"Hito industrial: la inauguraci\u00f3n de ADAMA Andina en Zona Franca Barranquilla impulsa la competitividad e innovaci\u00f3n en Colombia - Zona Franca de Barranquilla","isPartOf":{"@id":"https:\/\/zonafrancabarranquilla.com\/#website"},"primaryImageOfPage":{"@id":"https:\/\/zonafrancabarranquilla.com\/hito-industrial-la-inauguracion-de-adama-andina-en-zona-franca-barranquilla-impulsa-la-competitividad-e-innovacion-en-colombia\/#primaryimage"},"image":{"@id":"https:\/\/zonafrancabarranquilla.com\/hito-industrial-la-inauguracion-de-adama-andina-en-zona-franca-barranquilla-impulsa-la-competitividad-e-innovacion-en-colombia\/#primaryimage"},"thumbnailUrl":"https:\/\/zonafrancabarranquilla.com\/wp-content\/uploads\/2021\/05\/fotos-de-nuestra-barranquilla4.jpg","datePublished":"2025-10-16T13:18:54+00:00","dateModified":"2025-10-16T13:53:22+00:00","description":"La inauguraci\u00f3n de ADAMA Andina en Zona Franca Barranquilla marca un nuevo hito industrial que impulsa la competitividad, innovaci\u00f3n y desarrollo de la regi\u00f3n Caribe y de Colombia.","breadcrumb":{"@id":"https:\/\/zonafrancabarranquilla.com\/hito-industrial-la-inauguracion-de-adama-andina-en-zona-franca-barranquilla-impulsa-la-competitividad-e-innovacion-en-colombia\/#breadcrumb"},"inLanguage":"en-US","potentialAction":[{"@type":"ReadAction","target":["https:\/\/zonafrancabarranquilla.com\/hito-industrial-la-inauguracion-de-adama-andina-en-zona-franca-barranquilla-impulsa-la-competitividad-e-innovacion-en-colombia\/"]}]},{"@type":"ImageObject","inLanguage":"en-US","@id":"https:\/\/zonafrancabarranquilla.com\/hito-industrial-la-inauguracion-de-adama-andina-en-zona-franca-barranquilla-impulsa-la-competitividad-e-innovacion-en-colombia\/#primaryimage","url":"https:\/\/zonafrancabarranquilla.com\/wp-content\/uploads\/2021\/05\/fotos-de-nuestra-barranquilla4.jpg","contentUrl":"https:\/\/zonafrancabarranquilla.com\/wp-content\/uploads\/2021\/05\/fotos-de-nuestra-barranquilla4.jpg","width":500,"height":346},{"@type":"BreadcrumbList","@id":"https:\/\/zonafrancabarranquilla.com\/hito-industrial-la-inauguracion-de-adama-andina-en-zona-franca-barranquilla-impulsa-la-competitividad-e-innovacion-en-colombia\/#breadcrumb","itemListElement":[{"@type":"ListItem","position":1,"name":"Portada","item":"https:\/\/zonafrancabarranquilla.com\/"},{"@type":"ListItem","position":2,"name":"Hito industrial: la inauguraci\u00f3n de ADAMA Andina en Zona Franca Barranquilla impulsa la competitividad e innovaci\u00f3n en Colombia"}]},{"@type":"WebSite","@id":"https:\/\/zonafrancabarranquilla.com\/#website","url":"https:\/\/zonafrancabarranquilla.com\/","name":"Barranquilla Free Trade Zone","description":"La Zona Franca de Barranquilla","publisher":{"@id":"https:\/\/zonafrancabarranquilla.com\/#organization"},"potentialAction":[{"@type":"SearchAction","target":{"@type":"EntryPoint","urlTemplate":"https:\/\/zonafrancabarranquilla.com\/?s={search_term_string}"},"query-input":{"@type":"PropertyValueSpecification","valueRequired":true,"valueName":"search_term_string"}}],"inLanguage":"en-US"},{"@type":"Organization","@id":"https:\/\/zonafrancabarranquilla.com\/#organization","name":"Barranquilla Free Trade Zone","url":"https:\/\/zonafrancabarranquilla.com\/","logo":{"@type":"ImageObject","inLanguage":"en-US","@id":"https:\/\/zonafrancabarranquilla.com\/#\/schema\/logo\/image\/","url":"https:\/\/zonafrancabarranquilla.com\/wp-content\/uploads\/2021\/03\/globologo-50.jpg","contentUrl":"https:\/\/zonafrancabarranquilla.com\/wp-content\/uploads\/2021\/03\/globologo-50.jpg","width":604,"height":630,"caption":"Zona Franca de Barranquilla"},"image":{"@id":"https:\/\/zonafrancabarranquilla.com\/#\/schema\/logo\/image\/"}},{"@type":"Person","@id":"https:\/\/zonafrancabarranquilla.com\/#\/schema\/person\/32396a7b301500e7e97c4193ec2e86bc","name":"bmoreno","image":{"@type":"ImageObject","inLanguage":"en-US","@id":"https:\/\/secure.gravatar.com\/avatar\/c30e2aa8fae60edcac91b7683df54f7ef8aa077bb6611baee6b47ada73e19e90?s=96&d=mm&r=g","url":"https:\/\/secure.gravatar.com\/avatar\/c30e2aa8fae60edcac91b7683df54f7ef8aa077bb6611baee6b47ada73e19e90?s=96&d=mm&r=g","contentUrl":"https:\/\/secure.gravatar.com\/avatar\/c30e2aa8fae60edcac91b7683df54f7ef8aa077bb6611baee6b47ada73e19e90?s=96&d=mm&r=g","caption":"bmoreno"},"sameAs":["https:\/\/zonafrancabarranquilla.com"],"url":"https:\/\/zonafrancabarranquilla.com\/en\/author\/bmoreno\/"}]}},"_links":{"self":[{"href":"https:\/\/zonafrancabarranquilla.com\/en\/wp-json\/wp\/v2\/posts\/11275","targetHints":{"allow":["GET"]}}],"collection":[{"href":"https:\/\/zonafrancabarranquilla.com\/en\/wp-json\/wp\/v2\/posts"}],"about":[{"href":"https:\/\/zonafrancabarranquilla.com\/en\/wp-json\/wp\/v2\/types\/post"}],"author":[{"embeddable":true,"href":"https:\/\/zonafrancabarranquilla.com\/en\/wp-json\/wp\/v2\/users\/1"}],"replies":[{"embeddable":true,"href":"https:\/\/zonafrancabarranquilla.com\/en\/wp-json\/wp\/v2\/comments?post=11275"}],"version-history":[{"count":1,"href":"https:\/\/zonafrancabarranquilla.com\/en\/wp-json\/wp\/v2\/posts\/11275\/revisions"}],"predecessor-version":[{"id":11301,"href":"https:\/\/zonafrancabarranquilla.com\/en\/wp-json\/wp\/v2\/posts\/11275\/revisions\/11301"}],"wp:featuredmedia":[{"embeddable":true,"href":"https:\/\/zonafrancabarranquilla.com\/en\/wp-json\/wp\/v2\/media\/4668"}],"wp:attachment":[{"href":"https:\/\/zonafrancabarranquilla.com\/en\/wp-json\/wp\/v2\/media?parent=11275"}],"wp:term":[{"taxonomy":"category","embeddable":true,"href":"https:\/\/zonafrancabarranquilla.com\/en\/wp-json\/wp\/v2\/categories?post=11275"},{"taxonomy":"post_tag","embeddable":true,"href":"https:\/\/zonafrancabarranquilla.com\/en\/wp-json\/wp\/v2\/tags?post=11275"}],"curies":[{"name":"wp","href":"https:\/\/api.w.org\/{rel}","templated":true}]}}